{"id":22050,"date":"2023-06-27T09:46:59","date_gmt":"2023-06-27T07:46:59","guid":{"rendered":"https:\/\/fibgar.es\/sabes-que-paso-boletin-semanal-del-19-al-25-de-junio\/"},"modified":"2023-08-28T18:18:15","modified_gmt":"2023-08-28T16:18:15","slug":"sabes-que-paso-boletin-semanal-del-19-al-25-de-junio","status":"publish","type":"post","link":"https:\/\/fibgar.es\/en\/sabes-que-paso-boletin-semanal-del-19-al-25-de-junio\/","title":{"rendered":"\u00bfSABES QU\u00c9 PASO? \u2013 BOLET\u00cdN SEMANAL DEL 19 AL 25 DE JUNIO"},"content":{"rendered":"\n<p class=\"has-text-color\" style=\"color:#4a4a4a\"><strong>El Alto Comisionado T\u00fcrk insta a una mayor cooperaci\u00f3n en la apertura de la sesi\u00f3n del Consejo de Derechos Humanos<\/strong><\/p>\n\n<p class=\"has-text-color\" style=\"color:#4a4a4a\">En la <a href=\"https:\/\/www.awid.org\/es\/recursos\/informes-y-resoluciones-clave-de-la-53a-sesion-del-consejo-de-derechos-humanos\">53\u00aa sesi\u00f3n del Consejo de Derechos Humanos<\/a>, el <strong>Alto Comisionado<\/strong> de las Naciones Unidas para los Derechos Humanos, Volker <strong>T\u00fcrk,<\/strong> hizo un llamado a una <strong>mayor cooperaci\u00f3n<\/strong> entre los Estados y los organismos internacionales de derechos humanos. Durante su discurso de apertura, T\u00fcrk destac\u00f3 la importancia de la cooperaci\u00f3n internacional para avanzar en la <strong>protecci\u00f3n y promoci\u00f3n de los derechos humanos<\/strong> en todo el mundo.<\/p>\n\n<p class=\"has-text-color\" style=\"color:#4a4a4a\">T\u00fcrk subray\u00f3 que los derechos humanos son el <strong>fundamento<\/strong> mismo de las <strong>Naciones Unidas<\/strong> y que, desde la adopci\u00f3n de la Declaraci\u00f3n Universal de Derechos Humanos hace 75 a\u00f1os, se han establecido numerosos organismos internacionales de derechos humanos para ayudar a los Estados en su labor, y en el <strong>momento crucial<\/strong> en que nos encontramos, con conflictos en aumento, la <a href=\"https:\/\/www.un.org\/sustainabledevelopment\/es\/development-agenda\/\">Agenda de Desarrollo Sostenible<\/a> en peligro y el da\u00f1o ambiental amenazando a la humanidad, T\u00fcrk enfatiz\u00f3 la importancia de la cooperaci\u00f3n internacional para <strong>avanzar en la protecci\u00f3n<\/strong> de los derechos humanos.<\/p>\n\n<p class=\"has-text-color\" style=\"color:#4a4a4a\">Destac\u00f3 <strong>ejemplos concretos de pa\u00edses<\/strong> como Colombia, Honduras, Guatemala, Per\u00fa y Kenia, donde las oficinas de campo de derechos humanos <strong>han contribuido<\/strong> de manera significativa a la promoci\u00f3n y protecci\u00f3n de los derechos humanos a nivel nacional. Sin embargo, tambi\u00e9n expres\u00f3 su preocupaci\u00f3n por la <strong>falta de cooperaci\u00f3n en otros pa\u00edses,<\/strong> como Uganda, donde la Oficina ha lamentado la decisi\u00f3n del gobierno de no renovar el mandato de su oficina en el pa\u00eds.<\/p>\n\n<p class=\"has-text-color\" style=\"color:#4a4a4a\">En general, el Alto Comisionado T\u00fcrk hizo hincapi\u00e9 en la <strong>esencialidad<\/strong> de la <strong>cooperaci\u00f3n internacional<\/strong> para avanzar en la protecci\u00f3n de los derechos humanos y llam\u00f3 a los Estados a fortalecer su compromiso con los principios y valores de estos y a trabajar juntos en beneficio de todas las personas.<\/p>\n\n<p class=\"has-text-color\" style=\"color:#4a4a4a\">Puedes leer m\u00e1s <a href=\"https:\/\/www.ohchr.org\/en\/statements\/2023\/06\/urging-greater-cooperation-high-commissioner-turk-opens-human-rights-council\">aqu\u00ed<\/a><\/p>\n\n<p class=\"has-text-color has-small-font-size\" style=\"color:#4a4a4a\"><strong>El Alto Comisionado T\u00fcrk insta a una mayor cooperaci\u00f3n en la apertura de la sesi\u00f3n del Consejo de Derechos Humanos <\/strong><\/p>\n\n<p class=\"has-text-color has-small-font-size\" style=\"color:#4a4a4a\">En la <a href=\"https:\/\/www.awid.org\/es\/recursos\/informes-y-resoluciones-clave-de-la-53a-sesion-del-consejo-de-derechos-humanos\"><span style=\"color:#538135;text-decoration:none\">53\u00aa sesi\u00f3n del Consejo de Derechos Humanos<\/span><\/a>, el Alto Comisionado de las Naciones Unidas para los Derechos Humanos, Volker T\u00fcrk, hizo un llamado a una mayor cooperaci\u00f3n entre los Estados y los organismos internacionales de derechos humanos. Durante su discurso de apertura, T\u00fcrk destac\u00f3 la importancia de la cooperaci\u00f3n internacional para avanzar en la protecci\u00f3n y promoci\u00f3n de los derechos humanos en todo el mundo. T\u00fcrk subray\u00f3 que los derechos humanos son el fundamento mismo de las Naciones Unidas y que, desde la adopci\u00f3n de la Declaraci\u00f3n Universal de Derechos Humanos hace 75 a\u00f1os, se han establecido numerosos organismos internacionales de derechos humanos para ayudar a los Estados en su labor, y en el momento crucial en que nos encontramos, con conflictos en aumento, la <a href=\"https:\/\/www.un.org\/sustainabledevelopment\/es\/development-agenda\/\"><span style=\"color:#538135;text-decoration:none\">Agenda de Desarrollo Sostenible<\/span><\/a> en peligro y el da\u00f1o ambiental amenazando a la humanidad, T\u00fcrk enfatiz\u00f3 la importancia de la cooperaci\u00f3n internacional para avanzar en la protecci\u00f3n de los derechos humanos. Destac\u00f3 ejemplos concretos de pa\u00edses como Colombia, Honduras, Guatemala, Per\u00fa y Kenia, donde las oficinas de campo de derechos humanos han contribuido de manera significativa a la promoci\u00f3n y protecci\u00f3n de los derechos humanos a nivel nacional. Sin embargo, tambi\u00e9n expres\u00f3 su preocupaci\u00f3n por la falta de cooperaci\u00f3n en otros pa\u00edses, como Uganda, donde la Oficina ha lamentado la decisi\u00f3n del gobierno de no renovar el mandato de su oficina en el pa\u00eds. En general, el Alto Comisionado T\u00fcrk hizo hincapi\u00e9 en la esencialidad de la cooperaci\u00f3n internacional para avanzar en la protecci\u00f3n de los derechos humanos y llam\u00f3 a los Estados a fortalecer su compromiso con los principios y valores de estos y a trabajar juntos en beneficio de todas las personas. <\/p>\n\n<p class=\"has-text-color has-small-font-size\" style=\"color:#4a4a4a\">Puedes leer m\u00e1s <a href=\"https:\/\/www.ohchr.org\/en\/statements\/2023\/06\/urging-greater-cooperation-high-commissioner-turk-opens-human-rights-council\"><span style=\"color:#538135;text-decoration:none\">aqu\u00ed<\/span><\/a><\/p>\n\n<p class=\"has-text-color\" style=\"color:#4a4a4a\"><strong>\u00daltimo informe de las Naciones Unidas sobre la situaci\u00f3n de las mujeres en Afganist\u00e1n<\/strong><\/p>\n\n<p class=\"has-text-color\" style=\"color:#4a4a4a\">En medio de la <strong>opresi\u00f3n<\/strong> impuesta por el r\u00e9gimen talib\u00e1n en <strong>Afganist\u00e1n<\/strong>, las <strong>mujeres<\/strong> del pa\u00eds contin\u00faan resistiendo y <strong>reclamando igualdad<\/strong> de derechos. A pesar de las condiciones adversas, han surgido valientes voces dispuestas a desafiar las normas discriminatorias.<\/p>\n\n<p class=\"has-text-color\" style=\"color:#4a4a4a\">Las mujeres afganas se han visto gravemente afectadas desde la ca\u00edda de la Rep\u00fablica Isl\u00e1mica de Afganist\u00e1n en agosto de 2021, ya que los talibanes han <strong>impuesto reglas restrictivas y discriminadoras<\/strong>, justific\u00e1ndolas err\u00f3neamente en base a la religi\u00f3n.<\/p>\n\n<p class=\"has-text-color\" style=\"color:#4a4a4a\">Sin embargo, han encontrado <strong>formas creativas de resistir,<\/strong> a pesar de los riesgos que ello implica. A trav\u00e9s de las <strong>redes sociales y medios de comunicaci\u00f3n<\/strong> <strong>clandestinos,<\/strong> han compartido sus historias y han denunciado las injusticias que sufren.<\/p>\n\n<p class=\"has-text-color\" style=\"color:#4a4a4a\">La <strong>comunidad internacional<\/strong> ha expresado su <strong>preocupaci\u00f3n<\/strong> por la situaci\u00f3n de las mujeres en Afganist\u00e1n y ha instado al r\u00e9gimen talib\u00e1n a respetar los derechos humanos y garantizar la igualdad de g\u00e9nero. Se han llevado a cabo <strong>reuniones <\/strong>y se han establecido <strong>programas de ayuda<\/strong> para apoyar a las mujeres afganas y proteger sus derechos.<\/p>\n\n<p class=\"has-text-color\" style=\"color:#4a4a4a\">Puedes leer m\u00e1s <a href=\"https:\/\/www.ohchr.org\/en\/documents\/country-reports\/ahrc5321-situation-women-and-girls-afghanistan-report-special-rapporteur\">aqu\u00ed<\/a><\/p>\n\n<p class=\"has-text-color\" style=\"color:#4a4a4a\"><strong>El informe de Desarrollo Sostenible 2023 muestra un estancamiento en los Objetivos de Desarrollo Sostenible<\/strong><\/p>\n\n<p class=\"has-text-color\" style=\"color:#4a4a4a\">El <a href=\"https:\/\/s3.amazonaws.com\/sustainabledevelopment.report\/2023\/2023-sustainable-development-report.pdf\">Informe de Desarrollo Sostenible 2023<\/a>, presentado recientemente, revela un estancamiento preocupante en la consecuci\u00f3n de los <a href=\"https:\/\/sdgs.un.org\/goals\">Objetivos de Desarrollo Sostenible<\/a> (ODS). A pesar de los avances entre 2015 y 2019, el <strong>progreso global ha sido insuficiente<\/strong> y se ha visto obstaculizado a\u00fan m\u00e1s por la pandemia y otras crisis simult\u00e1neas.<\/p>\n\n<p class=\"has-text-color\" style=\"color:#4a4a4a\">El informe destaca que los <strong>gobiernos nacionales<\/strong> de todo el mundo <strong>han fallado <\/strong>en la integraci\u00f3n efectiva de los ODS en sus pol\u00edticas y en la asignaci\u00f3n de inversiones p\u00fablicas necesarias. Adem\u00e1s, factores como la polarizaci\u00f3n social o los conflictos geopol\u00edticos han dificultado la colaboraci\u00f3n global requerida para alcanzar los ODS.<\/p>\n\n<p class=\"has-text-color\" style=\"color:#4a4a4a\">Por su parte, el informe insta a los gobiernos a <strong>implementar marcos de pol\u00edticas<\/strong> y regulaciones ambiciosos, as\u00ed como a aumentar las inversiones para lograr los ODS. Tambi\u00e9n se espera que los <strong>pa\u00edses presenten revisiones nacionales voluntarias<\/strong> de su progreso y planes en las Naciones Unidas.<\/p>\n\n<p class=\"has-text-color\" style=\"color:#4a4a4a\">El Informe de Desarrollo Sostenible 2023 subraya la necesidad urgente de <strong>redoblar los esfuerzos<\/strong> para lograr los ODS. La colaboraci\u00f3n entre los gobiernos, la sociedad civil y la comunidad internacional son factores cruciales para <strong>abordar los desaf\u00edos actuales<\/strong> y construir un futuro sostenible para todos.<\/p>\n\n<p class=\"has-text-color\" style=\"color:#4a4a4a\">Puedes leer m\u00e1s <a href=\"https:\/\/dashboards.sdgindex.org\/chapters\">aqu\u00ed<\/a><\/p>\n\n<p><\/p>\n\n<p class=\"has-text-color has-small-font-size\" style=\"color:#4a4a4a\">Madrid, 27 de junio de 2023<\/p>\n\n<p><\/p>\n","protected":false},"excerpt":{"rendered":"<p>El Alto Comisionado T\u00fcrk insta a una mayor cooperaci\u00f3n en la apertura de la sesi\u00f3n del Consejo de Derechos Humanos En la 53\u00aa sesi\u00f3n del Consejo de Derechos Humanos, el Alto Comisionado de las Naciones Unidas para los Derechos Humanos, Volker T\u00fcrk, hizo un llamado a una mayor cooperaci\u00f3n entre los Estados y los organismos&#8230;<\/p>\n","protected":false},"author":4,"featured_media":21779,"comment_status":"closed","ping_status":"closed","sticky":false,"template":"","format":"standard","meta":{"footnotes":""},"categories":[600],"tags":[591,625,624],"class_list":["post-22050","post","type-post","status-publish","format-standard","has-post-thumbnail","hentry","category-boletin-de-noticias-en","tag-human-rights","tag-mujeres-en","tag-ods-en"],"yoast_head":"<!-- This site is optimized with the Yoast SEO plugin v27.4 - https:\/\/yoast.com\/product\/yoast-seo-wordpress\/ -->\n<title>\u00bfSABES QU\u00c9 PASO? \u2013 BOLET\u00cdN SEMANAL DEL 19 AL 25 DE JUNIO - FIBGAR<\/title>\n<meta name=\"robots\" content=\"index, follow, max-snippet:-1, max-image-preview:large, max-video-preview:-1\" \/>\n<link rel=\"canonical\" href=\"https:\/\/fibgar.es\/en\/sabes-que-paso-boletin-semanal-del-19-al-25-de-junio\/\" \/>\n<meta property=\"og:locale\" content=\"en_US\" \/>\n<meta property=\"og:type\" content=\"article\" \/>\n<meta property=\"og:title\" content=\"\u00bfSABES QU\u00c9 PASO? \u2013 BOLET\u00cdN SEMANAL DEL 19 AL 25 DE JUNIO - FIBGAR\" \/>\n<meta property=\"og:description\" content=\"El Alto Comisionado T\u00fcrk insta a una mayor cooperaci\u00f3n en la apertura de la sesi\u00f3n del Consejo de Derechos Humanos En la 53\u00aa sesi\u00f3n del Consejo de Derechos Humanos, el Alto Comisionado de las Naciones Unidas para los Derechos Humanos, Volker T\u00fcrk, hizo un llamado a una mayor cooperaci\u00f3n entre los Estados y los organismos...\" \/>\n<meta property=\"og:url\" content=\"https:\/\/fibgar.es\/en\/sabes-que-paso-boletin-semanal-del-19-al-25-de-junio\/\" \/>\n<meta property=\"og:site_name\" content=\"FIBGAR\" \/>\n<meta property=\"article:publisher\" content=\"https:\/\/www.facebook.com\/Fibgar\" \/>\n<meta property=\"article:author\" content=\"facebook.com\/Fibgar\" \/>\n<meta property=\"article:published_time\" content=\"2023-06-27T07:46:59+00:00\" \/>\n<meta property=\"article:modified_time\" content=\"2023-08-28T16:18:15+00:00\" \/>\n<meta property=\"og:image\" content=\"https:\/\/fibgar.es\/wp-content\/uploads\/2023\/06\/BOLETIN-1.jpg\" \/>\n\t<meta property=\"og:image:width\" content=\"1600\" \/>\n\t<meta property=\"og:image:height\" content=\"900\" \/>\n\t<meta property=\"og:image:type\" content=\"image\/jpeg\" \/>\n<meta name=\"author\" content=\"Fibgar\" \/>\n<meta name=\"twitter:card\" content=\"summary_large_image\" \/>\n<meta name=\"twitter:creator\" content=\"@fibgar_\" \/>\n<meta name=\"twitter:site\" content=\"@fibgar_\" \/>\n<meta name=\"twitter:label1\" content=\"Written by\" \/>\n\t<meta name=\"twitter:data1\" content=\"Fibgar\" \/>\n\t<meta name=\"twitter:label2\" content=\"Est. reading time\" \/>\n\t<meta name=\"twitter:data2\" content=\"6 minutes\" \/>\n<script type=\"application\/ld+json\" class=\"yoast-schema-graph\">{\"@context\":\"https:\\\/\\\/schema.org\",\"@graph\":[{\"@type\":\"Article\",\"@id\":\"https:\\\/\\\/fibgar.es\\\/en\\\/sabes-que-paso-boletin-semanal-del-19-al-25-de-junio\\\/#article\",\"isPartOf\":{\"@id\":\"https:\\\/\\\/fibgar.es\\\/en\\\/sabes-que-paso-boletin-semanal-del-19-al-25-de-junio\\\/\"},\"author\":{\"name\":\"Fibgar\",\"@id\":\"https:\\\/\\\/fibgar.es\\\/en\\\/#\\\/schema\\\/person\\\/c32d1ebcc1653b4a15f8ef621c9575cd\"},\"headline\":\"\u00bfSABES QU\u00c9 PASO? \u2013 BOLET\u00cdN SEMANAL DEL 19 AL 25 DE JUNIO\",\"datePublished\":\"2023-06-27T07:46:59+00:00\",\"dateModified\":\"2023-08-28T16:18:15+00:00\",\"mainEntityOfPage\":{\"@id\":\"https:\\\/\\\/fibgar.es\\\/en\\\/sabes-que-paso-boletin-semanal-del-19-al-25-de-junio\\\/\"},\"wordCount\":1118,\"publisher\":{\"@id\":\"https:\\\/\\\/fibgar.es\\\/en\\\/#organization\"},\"image\":{\"@id\":\"https:\\\/\\\/fibgar.es\\\/en\\\/sabes-que-paso-boletin-semanal-del-19-al-25-de-junio\\\/#primaryimage\"},\"thumbnailUrl\":\"https:\\\/\\\/fibgar.es\\\/wp-content\\\/uploads\\\/2023\\\/06\\\/BOLETIN-1.jpg\",\"keywords\":[\"Human Rights\",\"mujeres\",\"ODS\"],\"articleSection\":[\"Boletin de noticias\"],\"inLanguage\":\"en-US\"},{\"@type\":\"WebPage\",\"@id\":\"https:\\\/\\\/fibgar.es\\\/en\\\/sabes-que-paso-boletin-semanal-del-19-al-25-de-junio\\\/\",\"url\":\"https:\\\/\\\/fibgar.es\\\/en\\\/sabes-que-paso-boletin-semanal-del-19-al-25-de-junio\\\/\",\"name\":\"\u00bfSABES QU\u00c9 PASO? \u2013 BOLET\u00cdN SEMANAL DEL 19 AL 25 DE JUNIO - FIBGAR\",\"isPartOf\":{\"@id\":\"https:\\\/\\\/fibgar.es\\\/en\\\/#website\"},\"primaryImageOfPage\":{\"@id\":\"https:\\\/\\\/fibgar.es\\\/en\\\/sabes-que-paso-boletin-semanal-del-19-al-25-de-junio\\\/#primaryimage\"},\"image\":{\"@id\":\"https:\\\/\\\/fibgar.es\\\/en\\\/sabes-que-paso-boletin-semanal-del-19-al-25-de-junio\\\/#primaryimage\"},\"thumbnailUrl\":\"https:\\\/\\\/fibgar.es\\\/wp-content\\\/uploads\\\/2023\\\/06\\\/BOLETIN-1.jpg\",\"datePublished\":\"2023-06-27T07:46:59+00:00\",\"dateModified\":\"2023-08-28T16:18:15+00:00\",\"breadcrumb\":{\"@id\":\"https:\\\/\\\/fibgar.es\\\/en\\\/sabes-que-paso-boletin-semanal-del-19-al-25-de-junio\\\/#breadcrumb\"},\"inLanguage\":\"en-US\",\"potentialAction\":[{\"@type\":\"ReadAction\",\"target\":[\"https:\\\/\\\/fibgar.es\\\/en\\\/sabes-que-paso-boletin-semanal-del-19-al-25-de-junio\\\/\"]}]},{\"@type\":\"ImageObject\",\"inLanguage\":\"en-US\",\"@id\":\"https:\\\/\\\/fibgar.es\\\/en\\\/sabes-que-paso-boletin-semanal-del-19-al-25-de-junio\\\/#primaryimage\",\"url\":\"https:\\\/\\\/fibgar.es\\\/wp-content\\\/uploads\\\/2023\\\/06\\\/BOLETIN-1.jpg\",\"contentUrl\":\"https:\\\/\\\/fibgar.es\\\/wp-content\\\/uploads\\\/2023\\\/06\\\/BOLETIN-1.jpg\",\"width\":1600,\"height\":900},{\"@type\":\"BreadcrumbList\",\"@id\":\"https:\\\/\\\/fibgar.es\\\/en\\\/sabes-que-paso-boletin-semanal-del-19-al-25-de-junio\\\/#breadcrumb\",\"itemListElement\":[{\"@type\":\"ListItem\",\"position\":1,\"name\":\"Home\",\"item\":\"https:\\\/\\\/fibgar.es\\\/en\\\/\"},{\"@type\":\"ListItem\",\"position\":2,\"name\":\"\u00bfSABES QU\u00c9 PASO? \u2013 BOLET\u00cdN SEMANAL DEL 19 AL 25 DE JUNIO\"}]},{\"@type\":\"WebSite\",\"@id\":\"https:\\\/\\\/fibgar.es\\\/en\\\/#website\",\"url\":\"https:\\\/\\\/fibgar.es\\\/en\\\/\",\"name\":\"FIBGAR\",\"description\":\"Fundaci\u00f3n Internacional Baltasar Garz\u00f3n\",\"publisher\":{\"@id\":\"https:\\\/\\\/fibgar.es\\\/en\\\/#organization\"},\"alternateName\":\"FIBGAR\",\"potentialAction\":[{\"@type\":\"SearchAction\",\"target\":{\"@type\":\"EntryPoint\",\"urlTemplate\":\"https:\\\/\\\/fibgar.es\\\/en\\\/?s={search_term_string}\"},\"query-input\":{\"@type\":\"PropertyValueSpecification\",\"valueRequired\":true,\"valueName\":\"search_term_string\"}}],\"inLanguage\":\"en-US\"},{\"@type\":\"Organization\",\"@id\":\"https:\\\/\\\/fibgar.es\\\/en\\\/#organization\",\"name\":\"Fundaci\u00f3n Internacional Baltasar Garz\u00f3n\",\"alternateName\":\"FIBGAR\",\"url\":\"https:\\\/\\\/fibgar.es\\\/en\\\/\",\"logo\":{\"@type\":\"ImageObject\",\"inLanguage\":\"en-US\",\"@id\":\"https:\\\/\\\/fibgar.es\\\/en\\\/#\\\/schema\\\/logo\\\/image\\\/\",\"url\":\"https:\\\/\\\/fibgar.es\\\/wp-content\\\/uploads\\\/2020\\\/04\\\/cropped-fibgar-icono.jpeg\",\"contentUrl\":\"https:\\\/\\\/fibgar.es\\\/wp-content\\\/uploads\\\/2020\\\/04\\\/cropped-fibgar-icono.jpeg\",\"width\":512,\"height\":512,\"caption\":\"Fundaci\u00f3n Internacional Baltasar Garz\u00f3n\"},\"image\":{\"@id\":\"https:\\\/\\\/fibgar.es\\\/en\\\/#\\\/schema\\\/logo\\\/image\\\/\"},\"sameAs\":[\"https:\\\/\\\/www.facebook.com\\\/Fibgar\",\"https:\\\/\\\/x.com\\\/fibgar_\"]},{\"@type\":\"Person\",\"@id\":\"https:\\\/\\\/fibgar.es\\\/en\\\/#\\\/schema\\\/person\\\/c32d1ebcc1653b4a15f8ef621c9575cd\",\"name\":\"Fibgar\",\"sameAs\":[\"facebook.com\\\/Fibgar\",\"https:\\\/\\\/www.instagram.com\\\/fibgar__\\\/\",\"https:\\\/\\\/www.linkedin.com\\\/company\\\/fibgar\",\"https:\\\/\\\/x.com\\\/fibgar_\",\"https:\\\/\\\/www.youtube.com\\\/c\\\/FIBGARTV\\\/featured\"],\"url\":\"https:\\\/\\\/fibgar.es\\\/en\\\/author\\\/fibgarau\\\/\"}]}<\/script>\n<!-- \/ Yoast SEO plugin. -->","yoast_head_json":{"title":"\u00bfSABES QU\u00c9 PASO? \u2013 BOLET\u00cdN SEMANAL DEL 19 AL 25 DE JUNIO - FIBGAR","robots":{"index":"index","follow":"follow","max-snippet":"max-snippet:-1","max-image-preview":"max-image-preview:large","max-video-preview":"max-video-preview:-1"},"canonical":"https:\/\/fibgar.es\/en\/sabes-que-paso-boletin-semanal-del-19-al-25-de-junio\/","og_locale":"en_US","og_type":"article","og_title":"\u00bfSABES QU\u00c9 PASO? \u2013 BOLET\u00cdN SEMANAL DEL 19 AL 25 DE JUNIO - FIBGAR","og_description":"El Alto Comisionado T\u00fcrk insta a una mayor cooperaci\u00f3n en la apertura de la sesi\u00f3n del Consejo de Derechos Humanos En la 53\u00aa sesi\u00f3n del Consejo de Derechos Humanos, el Alto Comisionado de las Naciones Unidas para los Derechos Humanos, Volker T\u00fcrk, hizo un llamado a una mayor cooperaci\u00f3n entre los Estados y los organismos...","og_url":"https:\/\/fibgar.es\/en\/sabes-que-paso-boletin-semanal-del-19-al-25-de-junio\/","og_site_name":"FIBGAR","article_publisher":"https:\/\/www.facebook.com\/Fibgar","article_author":"facebook.com\/Fibgar","article_published_time":"2023-06-27T07:46:59+00:00","article_modified_time":"2023-08-28T16:18:15+00:00","og_image":[{"width":1600,"height":900,"url":"https:\/\/fibgar.es\/wp-content\/uploads\/2023\/06\/BOLETIN-1.jpg","type":"image\/jpeg"}],"author":"Fibgar","twitter_card":"summary_large_image","twitter_creator":"@fibgar_","twitter_site":"@fibgar_","twitter_misc":{"Written by":"Fibgar","Est. reading time":"6 minutes"},"schema":{"@context":"https:\/\/schema.org","@graph":[{"@type":"Article","@id":"https:\/\/fibgar.es\/en\/sabes-que-paso-boletin-semanal-del-19-al-25-de-junio\/#article","isPartOf":{"@id":"https:\/\/fibgar.es\/en\/sabes-que-paso-boletin-semanal-del-19-al-25-de-junio\/"},"author":{"name":"Fibgar","@id":"https:\/\/fibgar.es\/en\/#\/schema\/person\/c32d1ebcc1653b4a15f8ef621c9575cd"},"headline":"\u00bfSABES QU\u00c9 PASO? \u2013 BOLET\u00cdN SEMANAL DEL 19 AL 25 DE JUNIO","datePublished":"2023-06-27T07:46:59+00:00","dateModified":"2023-08-28T16:18:15+00:00","mainEntityOfPage":{"@id":"https:\/\/fibgar.es\/en\/sabes-que-paso-boletin-semanal-del-19-al-25-de-junio\/"},"wordCount":1118,"publisher":{"@id":"https:\/\/fibgar.es\/en\/#organization"},"image":{"@id":"https:\/\/fibgar.es\/en\/sabes-que-paso-boletin-semanal-del-19-al-25-de-junio\/#primaryimage"},"thumbnailUrl":"https:\/\/fibgar.es\/wp-content\/uploads\/2023\/06\/BOLETIN-1.jpg","keywords":["Human Rights","mujeres","ODS"],"articleSection":["Boletin de noticias"],"inLanguage":"en-US"},{"@type":"WebPage","@id":"https:\/\/fibgar.es\/en\/sabes-que-paso-boletin-semanal-del-19-al-25-de-junio\/","url":"https:\/\/fibgar.es\/en\/sabes-que-paso-boletin-semanal-del-19-al-25-de-junio\/","name":"\u00bfSABES QU\u00c9 PASO? \u2013 BOLET\u00cdN SEMANAL DEL 19 AL 25 DE JUNIO - FIBGAR","isPartOf":{"@id":"https:\/\/fibgar.es\/en\/#website"},"primaryImageOfPage":{"@id":"https:\/\/fibgar.es\/en\/sabes-que-paso-boletin-semanal-del-19-al-25-de-junio\/#primaryimage"},"image":{"@id":"https:\/\/fibgar.es\/en\/sabes-que-paso-boletin-semanal-del-19-al-25-de-junio\/#primaryimage"},"thumbnailUrl":"https:\/\/fibgar.es\/wp-content\/uploads\/2023\/06\/BOLETIN-1.jpg","datePublished":"2023-06-27T07:46:59+00:00","dateModified":"2023-08-28T16:18:15+00:00","breadcrumb":{"@id":"https:\/\/fibgar.es\/en\/sabes-que-paso-boletin-semanal-del-19-al-25-de-junio\/#breadcrumb"},"inLanguage":"en-US","potentialAction":[{"@type":"ReadAction","target":["https:\/\/fibgar.es\/en\/sabes-que-paso-boletin-semanal-del-19-al-25-de-junio\/"]}]},{"@type":"ImageObject","inLanguage":"en-US","@id":"https:\/\/fibgar.es\/en\/sabes-que-paso-boletin-semanal-del-19-al-25-de-junio\/#primaryimage","url":"https:\/\/fibgar.es\/wp-content\/uploads\/2023\/06\/BOLETIN-1.jpg","contentUrl":"https:\/\/fibgar.es\/wp-content\/uploads\/2023\/06\/BOLETIN-1.jpg","width":1600,"height":900},{"@type":"BreadcrumbList","@id":"https:\/\/fibgar.es\/en\/sabes-que-paso-boletin-semanal-del-19-al-25-de-junio\/#breadcrumb","itemListElement":[{"@type":"ListItem","position":1,"name":"Home","item":"https:\/\/fibgar.es\/en\/"},{"@type":"ListItem","position":2,"name":"\u00bfSABES QU\u00c9 PASO? \u2013 BOLET\u00cdN SEMANAL DEL 19 AL 25 DE JUNIO"}]},{"@type":"WebSite","@id":"https:\/\/fibgar.es\/en\/#website","url":"https:\/\/fibgar.es\/en\/","name":"FIBGAR","description":"Fundaci\u00f3n Internacional Baltasar Garz\u00f3n","publisher":{"@id":"https:\/\/fibgar.es\/en\/#organization"},"alternateName":"FIBGAR","potentialAction":[{"@type":"SearchAction","target":{"@type":"EntryPoint","urlTemplate":"https:\/\/fibgar.es\/en\/?s={search_term_string}"},"query-input":{"@type":"PropertyValueSpecification","valueRequired":true,"valueName":"search_term_string"}}],"inLanguage":"en-US"},{"@type":"Organization","@id":"https:\/\/fibgar.es\/en\/#organization","name":"Fundaci\u00f3n Internacional Baltasar Garz\u00f3n","alternateName":"FIBGAR","url":"https:\/\/fibgar.es\/en\/","logo":{"@type":"ImageObject","inLanguage":"en-US","@id":"https:\/\/fibgar.es\/en\/#\/schema\/logo\/image\/","url":"https:\/\/fibgar.es\/wp-content\/uploads\/2020\/04\/cropped-fibgar-icono.jpeg","contentUrl":"https:\/\/fibgar.es\/wp-content\/uploads\/2020\/04\/cropped-fibgar-icono.jpeg","width":512,"height":512,"caption":"Fundaci\u00f3n Internacional Baltasar Garz\u00f3n"},"image":{"@id":"https:\/\/fibgar.es\/en\/#\/schema\/logo\/image\/"},"sameAs":["https:\/\/www.facebook.com\/Fibgar","https:\/\/x.com\/fibgar_"]},{"@type":"Person","@id":"https:\/\/fibgar.es\/en\/#\/schema\/person\/c32d1ebcc1653b4a15f8ef621c9575cd","name":"Fibgar","sameAs":["facebook.com\/Fibgar","https:\/\/www.instagram.com\/fibgar__\/","https:\/\/www.linkedin.com\/company\/fibgar","https:\/\/x.com\/fibgar_","https:\/\/www.youtube.com\/c\/FIBGARTV\/featured"],"url":"https:\/\/fibgar.es\/en\/author\/fibgarau\/"}]}},"_links":{"self":[{"href":"https:\/\/fibgar.es\/en\/wp-json\/wp\/v2\/posts\/22050","targetHints":{"allow":["GET"]}}],"collection":[{"href":"https:\/\/fibgar.es\/en\/wp-json\/wp\/v2\/posts"}],"about":[{"href":"https:\/\/fibgar.es\/en\/wp-json\/wp\/v2\/types\/post"}],"author":[{"embeddable":true,"href":"https:\/\/fibgar.es\/en\/wp-json\/wp\/v2\/users\/4"}],"replies":[{"embeddable":true,"href":"https:\/\/fibgar.es\/en\/wp-json\/wp\/v2\/comments?post=22050"}],"version-history":[{"count":1,"href":"https:\/\/fibgar.es\/en\/wp-json\/wp\/v2\/posts\/22050\/revisions"}],"predecessor-version":[{"id":22051,"href":"https:\/\/fibgar.es\/en\/wp-json\/wp\/v2\/posts\/22050\/revisions\/22051"}],"wp:featuredmedia":[{"embeddable":true,"href":"https:\/\/fibgar.es\/en\/wp-json\/wp\/v2\/media\/21779"}],"wp:attachment":[{"href":"https:\/\/fibgar.es\/en\/wp-json\/wp\/v2\/media?parent=22050"}],"wp:term":[{"taxonomy":"category","embeddable":true,"href":"https:\/\/fibgar.es\/en\/wp-json\/wp\/v2\/categories?post=22050"},{"taxonomy":"post_tag","embeddable":true,"href":"https:\/\/fibgar.es\/en\/wp-json\/wp\/v2\/tags?post=22050"}],"curies":[{"name":"wp","href":"https:\/\/api.w.org\/{rel}","templated":true}]}}