{"id":22056,"date":"2023-06-12T10:58:19","date_gmt":"2023-06-12T08:58:19","guid":{"rendered":"https:\/\/fibgar.es\/sabes-que-paso-boletin-semanal-del-5-al-9-de-junio\/"},"modified":"2023-08-28T18:19:43","modified_gmt":"2023-08-28T16:19:43","slug":"sabes-que-paso-boletin-semanal-del-5-al-9-de-junio","status":"publish","type":"post","link":"https:\/\/fibgar.es\/en\/sabes-que-paso-boletin-semanal-del-5-al-9-de-junio\/","title":{"rendered":"\u00bfSABES QU\u00c9 PASO? &#8211; BOLET\u00cdN SEMANAL DEL 5 AL 9 DE JUNIO"},"content":{"rendered":"\n<p class=\"has-text-color\" style=\"color:#4a4a4a;font-style:normal;font-weight:500\"><a><strong>Empresas y derechos humanos<\/strong><\/a><\/p>\n\n<p class=\"has-text-color\" style=\"color:#4a4a4a;font-style:normal;font-weight:500\">Cuando habl\u00e1bamos de <strong>diligencia debida<\/strong> (due diligence) en el marco de las empresas, nos refer\u00edamos a la precauci\u00f3n razonable con la cual una empresa deb\u00eda realizar un acuerdo, teniendo en cuenta los datos financieros y otros documentos de inter\u00e9s. El <strong>an\u00e1lisis de riesgos solo ten\u00eda en cuenta variables meramente econ\u00f3micas<\/strong>. Desde 2021, sin embargo, el Parlamento Europeo ha tomado una direcci\u00f3n diversa respecto a este tema. En su Resoluci\u00f3n del 10 de marzo de ese a\u00f1o comenzaba a plantearse lo que se ha traducido en un <a href=\"https:\/\/www.europarl.europa.eu\/doceo\/document\/TA-9-2021-0073_ES.html\">nuevo proyecto de legislaci\u00f3n. <\/a>  <\/p>\n\n<p class=\"has-text-color\" style=\"color:#4a4a4a;font-style:normal;font-weight:500\">El jueves 1 de junio de este a\u00f1o se ha aprobado por el <a href=\"https:\/\/eur-lex.europa.eu\/legal-content\/ES\/TXT\/HTML\/?uri=CELEX:52022PC0071&amp;from=EN\">Parlamento la Directiva 2019\/1937 <\/a>que tiene como <strong>objetivo<\/strong> el establecimiento de <strong>obligaciones<\/strong> a las empresas que tengan tambi\u00e9n que ver con el <strong>respeto<\/strong> a los <strong>derechos humanos y el medio ambiente<\/strong>. As\u00ed, las materias reguladas a trav\u00e9s del denominado \u201csoft law\u201d y que ten\u00edan car\u00e1cter voluntario, pasan a ser normativa europea una vez se alcance el texto final de la Directiva. Aprobada definitivamente, las compa\u00f1\u00edas tendr\u00e1n un plazo de entre tres y cuatro a\u00f1os para cumplirla.<\/p>\n\n<p class=\"has-text-color\" style=\"color:#4a4a4a;font-style:normal;font-weight:500\">En ella se establecen <strong>multas<\/strong> de hasta un 5% de la facturaci\u00f3n por incumplimiento de normas que proh\u00edben el trabajo forzando, la contaminaci\u00f3n, o la degradaci\u00f3n ambiental entre otras. Se ver\u00e1n afectadas aquellas empresas europeas con una facturaci\u00f3n superior a 40 millones de euros (tambi\u00e9n aquellas que facturen esta cantidad dentro de Europa).<\/p>\n\n<p class=\"has-text-color\" style=\"color:#4a4a4a;font-style:normal;font-weight:500\">Puedes leer la noticia completa <a href=\"https:\/\/elpais.com\/economia\/2023-06-01\/la-eurocamara-apoya-sancionar-a-las-empresas-que-no-respeten-los-derechos-humanos-y-el-medioambiente.html?outputType=amp\">aqu\u00ed<\/a>.<\/p>\n\n<p class=\"has-text-color\" style=\"color:#4a4a4a;font-style:normal;font-weight:500\"><a><strong>II Plan Nacional de Derechos Humanos<\/strong><\/a><\/p>\n\n<p class=\"has-text-color\" style=\"color:#4a4a4a;font-style:normal;font-weight:500\">En consonancia con las nuevas pol\u00edticas europeas, el Gobierno ha decidido aprobar este martes en el Consejo de Ministros el <strong>II Plan Nacional de Derechos Humanos<\/strong> que se elabor\u00f3 por primera vez en 2008 y que no fue nunca renovado por los gobiernos posteriores. En \u00e9l se establecen medidas que se comprometen con los <strong>objetivos de la ONU<\/strong> respecto a la protecci\u00f3n y promoci\u00f3n de los derechos humanos.<\/p>\n\n<p class=\"has-text-color\" style=\"color:#4a4a4a;font-style:normal;font-weight:500\">Adem\u00e1s, sigue la l\u00ednea de desarrollo sostenible de la Agenda 2030. \u00c9sta consiste en la creaci\u00f3n de <strong>17 objetivos<\/strong> que los Estados tienen que tratar de integrar en sus pol\u00edticas y normativos, buscando llevar a cabo acciones efectivas que beneficien a las personas, el planeta y su prosperidad. <\/p>\n\n<p class=\"has-text-color\" style=\"color:#4a4a4a;font-style:normal;font-weight:500\">Para implementar estos objetivos y defender los valores que sustentan tanto la UE como la Constituci\u00f3n Espa\u00f1ola, se han elaborado m\u00e1s de <strong>400 medidas que se llevar\u00edan a cabo a lo largo de 5 a\u00f1os<\/strong>, a lo largo de los cuales cada Ministerio deber\u00e1 elaborar un informe cada seis meses sobre las medidas adoptadas.<\/p>\n\n<p class=\"has-text-color\" style=\"color:#4a4a4a;font-style:normal;font-weight:500\">La <strong>colaboraci\u00f3n ciudadana<\/strong> se integra como eslab\u00f3n fundamental para estas medidas, pues en su redacci\u00f3n ha colaborado la ciudadan\u00eda a trav\u00e9s de aportaciones mediante consulta p\u00fablica. Por ello, se ha previsto que se pueda acceder de forma p\u00fablica a la informaci\u00f3n. <\/p>\n\n<p class=\"has-text-color\" style=\"color:#4a4a4a;font-style:normal;font-weight:500\"><a href=\"https:\/\/www.mpr.gob.es\/mpr\/secrc\/ii-plan-nacional-de-derechos-humanos\/Documents\/Borrador_IIPlanDDHH_oct22.pdf\">El borrador<\/a> del Plan contempla medidas que van desde la promoci\u00f3n al progreso social o la lucha contra los discursos de odio hasta la protecci\u00f3n de nuevos derechos, como son la protecci\u00f3n al ambiente o los derechos y los riesgos derivados de las nuevas tecnolog\u00edas y la inteligencia artificial.<\/p>\n\n<p class=\"has-text-color\" style=\"color:#4a4a4a;font-style:normal;font-weight:500\">Puedes leer la noticia completa <a href=\"https:\/\/www.eldiario.es\/politica\/gobierno-aprueba-plan-blindar-derechos-humanos-espana-frente-crisis-climatica-precariedad_1_10266032.html\">aqu\u00ed<\/a>.<\/p>\n\n<p class=\"has-text-color\" style=\"color:#4a4a4a;font-style:normal;font-weight:500\"><a><strong>Ejercicio de la jurisprudencia universal en Argentina en la causa de los rohiny\u00e1s<\/strong><\/a><\/p>\n\n<p class=\"has-text-color\" style=\"color:#4a4a4a;font-style:normal;font-weight:500\">Desde <a href=\"https:\/\/www.accioncontraelhambre.org\/es\/crisis-desplazados-rohingya-myanmar\">1982<\/a> los integrantes del grupo \u00e9tnico musulm\u00e1n <strong>rohiny\u00e1<\/strong> dejaron de ser considerados ciudadanos de Myanmar. En 2017, sufrieron la expulsi\u00f3n del pa\u00eds por las autoridades birmanas debido a su etnia.<\/p>\n\n<p class=\"has-text-color\" style=\"color:#4a4a4a;font-style:normal;font-weight:500\">Ante esta situaci\u00f3n, en 2019, la Burmese Rohingya Organization de Reino Unido ejerci\u00f3 acciones ante la <strong>justicia argentina<\/strong>, donde se alegaron <strong>cr\u00edmenes de genocidio y de lesa humanidad<\/strong> contra la comunidad. La posibilidad de juzgar delitos perpetrados en el extranjero viene reconocida en el <strong>art. 118 de la Constituci\u00f3n de Argentina<\/strong> a trav\u00e9s de la <a href=\"https:\/\/www.un.org\/en\/ga\/sixth\/73\/universal_jurisdiction\/argentina_s.pdf\">jurisdicci\u00f3n universal.<\/a><\/p>\n\n<p class=\"has-text-color\" style=\"color:#4a4a4a;font-style:normal;font-weight:500\">Aunque la causa fue rechazada por los tribunales argentinos, en 2021 se confirm\u00f3 la <strong>apertura de una investigaci\u00f3n <\/strong>contra altos cargos birmanos. El testimonio de seis mujeres de etnia rohiny\u00e1, en el momento refugiadas en Bangladesh, fue escuchado de forma virtual en 2021. Las mujeres declararon <strong>abusos sexuales y la muerte<\/strong> de seres queridos como resultado de la represi\u00f3n del r\u00e9gimen.<\/p>\n\n<p class=\"has-text-color\" style=\"color:#4a4a4a;font-style:normal;font-weight:500\">Este mi\u00e9rcoles 7 de junio de 2023, miembros de la minor\u00eda rohiny\u00e1 testificaron por primera vez en persona en Buenos Aires en el marco de la investigaci\u00f3n. Las testificaciones proseguir\u00e1n hasta el 13 de Junio.<\/p>\n\n<p class=\"has-text-color\" style=\"color:#4a4a4a;font-style:normal;font-weight:500\">Puedes leer la noticia completa <a href=\"https:\/\/www.barrons.com\/news\/rohingya-testify-on-myanmar-crackdown-in-argentina-court-44b4bbda\">aqu\u00ed.<\/a><\/p>\n\n<p class=\"has-text-color\" style=\"color:#4a4a4a;font-style:normal;font-weight:500\"><\/p>\n\n<p class=\"has-text-color\" style=\"color:#4a4a4a;font-style:normal;font-weight:500\">Madrid, 12 de junio de 2023<\/p>\n","protected":false},"excerpt":{"rendered":"<p>Empresas y derechos humanos Cuando habl\u00e1bamos de diligencia debida (due diligence) en el marco de las empresas, nos refer\u00edamos a la precauci\u00f3n razonable con la cual una empresa deb\u00eda realizar un acuerdo, teniendo en cuenta los datos financieros y otros documentos de inter\u00e9s. El an\u00e1lisis de riesgos solo ten\u00eda en cuenta variables meramente econ\u00f3micas. Desde&#8230;<\/p>\n","protected":false},"author":4,"featured_media":21764,"comment_status":"closed","ping_status":"closed","sticky":false,"template":"","format":"standard","meta":{"footnotes":""},"categories":[600],"tags":[631,591,630,632],"class_list":["post-22056","post","type-post","status-publish","format-standard","has-post-thumbnail","hentry","category-boletin-de-noticias-en","tag-crimenes-de-lesa-humanidad-en","tag-human-rights","tag-medio-ambiente-en","tag-rohinya-en"],"yoast_head":"<!-- This site is optimized with the Yoast SEO plugin v27.4 - https:\/\/yoast.com\/product\/yoast-seo-wordpress\/ -->\n<title>\u00bfSABES QU\u00c9 PASO? - BOLET\u00cdN SEMANAL DEL 5 AL 9 DE JUNIO - FIBGAR<\/title>\n<meta name=\"description\" content=\"Cuando habl\u00e1bamos de diligencia debida (due diligence) en el marco de las empresas, nos refer\u00edamos a la precauci\u00f3n razonable con la cual una empresa deb\u00eda realizar un acuerdo, teniendo en cuenta los datos financieros y otros documentos de inter\u00e9s. El an\u00e1lisis de riesgos solo ten\u00eda en cuenta variables meramente econ\u00f3micas. Desde 2021, sin embargo, el Parlamento Europeo ha tomado una direcci\u00f3n diversa respecto a este tema. En su Resoluci\u00f3n del 10 de marzo de ese a\u00f1o comenzaba a plantearse lo que se ha traducido en un nuevo proyecto de legislaci\u00f3n.\" \/>\n<meta name=\"robots\" content=\"index, follow, max-snippet:-1, max-image-preview:large, max-video-preview:-1\" \/>\n<link rel=\"canonical\" href=\"https:\/\/fibgar.es\/en\/sabes-que-paso-boletin-semanal-del-5-al-9-de-junio\/\" \/>\n<meta property=\"og:locale\" content=\"en_US\" \/>\n<meta property=\"og:type\" content=\"article\" \/>\n<meta property=\"og:title\" content=\"\u00bfSABES QU\u00c9 PASO? - BOLET\u00cdN SEMANAL DEL 5 AL 9 DE JUNIO - FIBGAR\" \/>\n<meta property=\"og:description\" content=\"Cuando habl\u00e1bamos de diligencia debida (due diligence) en el marco de las empresas, nos refer\u00edamos a la precauci\u00f3n razonable con la cual una empresa deb\u00eda realizar un acuerdo, teniendo en cuenta los datos financieros y otros documentos de inter\u00e9s. El an\u00e1lisis de riesgos solo ten\u00eda en cuenta variables meramente econ\u00f3micas. Desde 2021, sin embargo, el Parlamento Europeo ha tomado una direcci\u00f3n diversa respecto a este tema. En su Resoluci\u00f3n del 10 de marzo de ese a\u00f1o comenzaba a plantearse lo que se ha traducido en un nuevo proyecto de legislaci\u00f3n.\" \/>\n<meta property=\"og:url\" content=\"https:\/\/fibgar.es\/en\/sabes-que-paso-boletin-semanal-del-5-al-9-de-junio\/\" \/>\n<meta property=\"og:site_name\" content=\"FIBGAR\" \/>\n<meta property=\"article:publisher\" content=\"https:\/\/www.facebook.com\/Fibgar\" \/>\n<meta property=\"article:author\" content=\"facebook.com\/Fibgar\" \/>\n<meta property=\"article:published_time\" content=\"2023-06-12T08:58:19+00:00\" \/>\n<meta property=\"article:modified_time\" content=\"2023-08-28T16:19:43+00:00\" \/>\n<meta property=\"og:image\" content=\"https:\/\/fibgar.es\/wp-content\/uploads\/2023\/06\/BOLETIN-IG-05-10-JUNIO-1080-\u00d7-500-px.jpg\" \/>\n\t<meta property=\"og:image:width\" content=\"1080\" \/>\n\t<meta property=\"og:image:height\" content=\"500\" \/>\n\t<meta property=\"og:image:type\" content=\"image\/jpeg\" \/>\n<meta name=\"author\" content=\"Fibgar\" \/>\n<meta name=\"twitter:card\" content=\"summary_large_image\" \/>\n<meta name=\"twitter:creator\" content=\"@fibgar_\" \/>\n<meta name=\"twitter:site\" content=\"@fibgar_\" \/>\n<meta name=\"twitter:label1\" content=\"Written by\" \/>\n\t<meta name=\"twitter:data1\" content=\"Fibgar\" \/>\n\t<meta name=\"twitter:label2\" content=\"Est. reading time\" \/>\n\t<meta name=\"twitter:data2\" content=\"4 minutes\" \/>\n<script type=\"application\/ld+json\" class=\"yoast-schema-graph\">{\"@context\":\"https:\\\/\\\/schema.org\",\"@graph\":[{\"@type\":\"Article\",\"@id\":\"https:\\\/\\\/fibgar.es\\\/en\\\/sabes-que-paso-boletin-semanal-del-5-al-9-de-junio\\\/#article\",\"isPartOf\":{\"@id\":\"https:\\\/\\\/fibgar.es\\\/en\\\/sabes-que-paso-boletin-semanal-del-5-al-9-de-junio\\\/\"},\"author\":{\"name\":\"Fibgar\",\"@id\":\"https:\\\/\\\/fibgar.es\\\/en\\\/#\\\/schema\\\/person\\\/c32d1ebcc1653b4a15f8ef621c9575cd\"},\"headline\":\"\u00bfSABES QU\u00c9 PASO? &#8211; BOLET\u00cdN SEMANAL DEL 5 AL 9 DE JUNIO\",\"datePublished\":\"2023-06-12T08:58:19+00:00\",\"dateModified\":\"2023-08-28T16:19:43+00:00\",\"mainEntityOfPage\":{\"@id\":\"https:\\\/\\\/fibgar.es\\\/en\\\/sabes-que-paso-boletin-semanal-del-5-al-9-de-junio\\\/\"},\"wordCount\":779,\"publisher\":{\"@id\":\"https:\\\/\\\/fibgar.es\\\/en\\\/#organization\"},\"image\":{\"@id\":\"https:\\\/\\\/fibgar.es\\\/en\\\/sabes-que-paso-boletin-semanal-del-5-al-9-de-junio\\\/#primaryimage\"},\"thumbnailUrl\":\"https:\\\/\\\/fibgar.es\\\/wp-content\\\/uploads\\\/2023\\\/06\\\/BOLETIN-IG-05-10-JUNIO-1080-\u00d7-500-px.jpg\",\"keywords\":[\"cr\u00edmenes de lesa humanidad\",\"Human Rights\",\"medio ambiente\",\"rohiny\u00e1\"],\"articleSection\":[\"Boletin de noticias\"],\"inLanguage\":\"en-US\"},{\"@type\":\"WebPage\",\"@id\":\"https:\\\/\\\/fibgar.es\\\/en\\\/sabes-que-paso-boletin-semanal-del-5-al-9-de-junio\\\/\",\"url\":\"https:\\\/\\\/fibgar.es\\\/en\\\/sabes-que-paso-boletin-semanal-del-5-al-9-de-junio\\\/\",\"name\":\"\u00bfSABES QU\u00c9 PASO? - BOLET\u00cdN SEMANAL DEL 5 AL 9 DE JUNIO - FIBGAR\",\"isPartOf\":{\"@id\":\"https:\\\/\\\/fibgar.es\\\/en\\\/#website\"},\"primaryImageOfPage\":{\"@id\":\"https:\\\/\\\/fibgar.es\\\/en\\\/sabes-que-paso-boletin-semanal-del-5-al-9-de-junio\\\/#primaryimage\"},\"image\":{\"@id\":\"https:\\\/\\\/fibgar.es\\\/en\\\/sabes-que-paso-boletin-semanal-del-5-al-9-de-junio\\\/#primaryimage\"},\"thumbnailUrl\":\"https:\\\/\\\/fibgar.es\\\/wp-content\\\/uploads\\\/2023\\\/06\\\/BOLETIN-IG-05-10-JUNIO-1080-\u00d7-500-px.jpg\",\"datePublished\":\"2023-06-12T08:58:19+00:00\",\"dateModified\":\"2023-08-28T16:19:43+00:00\",\"description\":\"Cuando habl\u00e1bamos de diligencia debida (due diligence) en el marco de las empresas, nos refer\u00edamos a la precauci\u00f3n razonable con la cual una empresa deb\u00eda realizar un acuerdo, teniendo en cuenta los datos financieros y otros documentos de inter\u00e9s. El an\u00e1lisis de riesgos solo ten\u00eda en cuenta variables meramente econ\u00f3micas. Desde 2021, sin embargo, el Parlamento Europeo ha tomado una direcci\u00f3n diversa respecto a este tema. En su Resoluci\u00f3n del 10 de marzo de ese a\u00f1o comenzaba a plantearse lo que se ha traducido en un nuevo proyecto de legislaci\u00f3n.\",\"breadcrumb\":{\"@id\":\"https:\\\/\\\/fibgar.es\\\/en\\\/sabes-que-paso-boletin-semanal-del-5-al-9-de-junio\\\/#breadcrumb\"},\"inLanguage\":\"en-US\",\"potentialAction\":[{\"@type\":\"ReadAction\",\"target\":[\"https:\\\/\\\/fibgar.es\\\/en\\\/sabes-que-paso-boletin-semanal-del-5-al-9-de-junio\\\/\"]}]},{\"@type\":\"ImageObject\",\"inLanguage\":\"en-US\",\"@id\":\"https:\\\/\\\/fibgar.es\\\/en\\\/sabes-que-paso-boletin-semanal-del-5-al-9-de-junio\\\/#primaryimage\",\"url\":\"https:\\\/\\\/fibgar.es\\\/wp-content\\\/uploads\\\/2023\\\/06\\\/BOLETIN-IG-05-10-JUNIO-1080-\u00d7-500-px.jpg\",\"contentUrl\":\"https:\\\/\\\/fibgar.es\\\/wp-content\\\/uploads\\\/2023\\\/06\\\/BOLETIN-IG-05-10-JUNIO-1080-\u00d7-500-px.jpg\",\"width\":1080,\"height\":500},{\"@type\":\"BreadcrumbList\",\"@id\":\"https:\\\/\\\/fibgar.es\\\/en\\\/sabes-que-paso-boletin-semanal-del-5-al-9-de-junio\\\/#breadcrumb\",\"itemListElement\":[{\"@type\":\"ListItem\",\"position\":1,\"name\":\"Home\",\"item\":\"https:\\\/\\\/fibgar.es\\\/en\\\/\"},{\"@type\":\"ListItem\",\"position\":2,\"name\":\"\u00bfSABES QU\u00c9 PASO? &#8211; BOLET\u00cdN SEMANAL DEL 5 AL 9 DE JUNIO\"}]},{\"@type\":\"WebSite\",\"@id\":\"https:\\\/\\\/fibgar.es\\\/en\\\/#website\",\"url\":\"https:\\\/\\\/fibgar.es\\\/en\\\/\",\"name\":\"FIBGAR\",\"description\":\"Fundaci\u00f3n Internacional Baltasar Garz\u00f3n\",\"publisher\":{\"@id\":\"https:\\\/\\\/fibgar.es\\\/en\\\/#organization\"},\"alternateName\":\"FIBGAR\",\"potentialAction\":[{\"@type\":\"SearchAction\",\"target\":{\"@type\":\"EntryPoint\",\"urlTemplate\":\"https:\\\/\\\/fibgar.es\\\/en\\\/?s={search_term_string}\"},\"query-input\":{\"@type\":\"PropertyValueSpecification\",\"valueRequired\":true,\"valueName\":\"search_term_string\"}}],\"inLanguage\":\"en-US\"},{\"@type\":\"Organization\",\"@id\":\"https:\\\/\\\/fibgar.es\\\/en\\\/#organization\",\"name\":\"Fundaci\u00f3n Internacional Baltasar Garz\u00f3n\",\"alternateName\":\"FIBGAR\",\"url\":\"https:\\\/\\\/fibgar.es\\\/en\\\/\",\"logo\":{\"@type\":\"ImageObject\",\"inLanguage\":\"en-US\",\"@id\":\"https:\\\/\\\/fibgar.es\\\/en\\\/#\\\/schema\\\/logo\\\/image\\\/\",\"url\":\"https:\\\/\\\/fibgar.es\\\/wp-content\\\/uploads\\\/2020\\\/04\\\/cropped-fibgar-icono.jpeg\",\"contentUrl\":\"https:\\\/\\\/fibgar.es\\\/wp-content\\\/uploads\\\/2020\\\/04\\\/cropped-fibgar-icono.jpeg\",\"width\":512,\"height\":512,\"caption\":\"Fundaci\u00f3n Internacional Baltasar Garz\u00f3n\"},\"image\":{\"@id\":\"https:\\\/\\\/fibgar.es\\\/en\\\/#\\\/schema\\\/logo\\\/image\\\/\"},\"sameAs\":[\"https:\\\/\\\/www.facebook.com\\\/Fibgar\",\"https:\\\/\\\/x.com\\\/fibgar_\"]},{\"@type\":\"Person\",\"@id\":\"https:\\\/\\\/fibgar.es\\\/en\\\/#\\\/schema\\\/person\\\/c32d1ebcc1653b4a15f8ef621c9575cd\",\"name\":\"Fibgar\",\"sameAs\":[\"facebook.com\\\/Fibgar\",\"https:\\\/\\\/www.instagram.com\\\/fibgar__\\\/\",\"https:\\\/\\\/www.linkedin.com\\\/company\\\/fibgar\",\"https:\\\/\\\/x.com\\\/fibgar_\",\"https:\\\/\\\/www.youtube.com\\\/c\\\/FIBGARTV\\\/featured\"],\"url\":\"https:\\\/\\\/fibgar.es\\\/en\\\/author\\\/fibgarau\\\/\"}]}<\/script>\n<!-- \/ Yoast SEO plugin. -->","yoast_head_json":{"title":"\u00bfSABES QU\u00c9 PASO? - BOLET\u00cdN SEMANAL DEL 5 AL 9 DE JUNIO - FIBGAR","description":"Cuando habl\u00e1bamos de diligencia debida (due diligence) en el marco de las empresas, nos refer\u00edamos a la precauci\u00f3n razonable con la cual una empresa deb\u00eda realizar un acuerdo, teniendo en cuenta los datos financieros y otros documentos de inter\u00e9s. El an\u00e1lisis de riesgos solo ten\u00eda en cuenta variables meramente econ\u00f3micas. Desde 2021, sin embargo, el Parlamento Europeo ha tomado una direcci\u00f3n diversa respecto a este tema. En su Resoluci\u00f3n del 10 de marzo de ese a\u00f1o comenzaba a plantearse lo que se ha traducido en un nuevo proyecto de legislaci\u00f3n.","robots":{"index":"index","follow":"follow","max-snippet":"max-snippet:-1","max-image-preview":"max-image-preview:large","max-video-preview":"max-video-preview:-1"},"canonical":"https:\/\/fibgar.es\/en\/sabes-que-paso-boletin-semanal-del-5-al-9-de-junio\/","og_locale":"en_US","og_type":"article","og_title":"\u00bfSABES QU\u00c9 PASO? - BOLET\u00cdN SEMANAL DEL 5 AL 9 DE JUNIO - FIBGAR","og_description":"Cuando habl\u00e1bamos de diligencia debida (due diligence) en el marco de las empresas, nos refer\u00edamos a la precauci\u00f3n razonable con la cual una empresa deb\u00eda realizar un acuerdo, teniendo en cuenta los datos financieros y otros documentos de inter\u00e9s. El an\u00e1lisis de riesgos solo ten\u00eda en cuenta variables meramente econ\u00f3micas. Desde 2021, sin embargo, el Parlamento Europeo ha tomado una direcci\u00f3n diversa respecto a este tema. En su Resoluci\u00f3n del 10 de marzo de ese a\u00f1o comenzaba a plantearse lo que se ha traducido en un nuevo proyecto de legislaci\u00f3n.","og_url":"https:\/\/fibgar.es\/en\/sabes-que-paso-boletin-semanal-del-5-al-9-de-junio\/","og_site_name":"FIBGAR","article_publisher":"https:\/\/www.facebook.com\/Fibgar","article_author":"facebook.com\/Fibgar","article_published_time":"2023-06-12T08:58:19+00:00","article_modified_time":"2023-08-28T16:19:43+00:00","og_image":[{"width":1080,"height":500,"url":"https:\/\/fibgar.es\/wp-content\/uploads\/2023\/06\/BOLETIN-IG-05-10-JUNIO-1080-\u00d7-500-px.jpg","type":"image\/jpeg"}],"author":"Fibgar","twitter_card":"summary_large_image","twitter_creator":"@fibgar_","twitter_site":"@fibgar_","twitter_misc":{"Written by":"Fibgar","Est. reading time":"4 minutes"},"schema":{"@context":"https:\/\/schema.org","@graph":[{"@type":"Article","@id":"https:\/\/fibgar.es\/en\/sabes-que-paso-boletin-semanal-del-5-al-9-de-junio\/#article","isPartOf":{"@id":"https:\/\/fibgar.es\/en\/sabes-que-paso-boletin-semanal-del-5-al-9-de-junio\/"},"author":{"name":"Fibgar","@id":"https:\/\/fibgar.es\/en\/#\/schema\/person\/c32d1ebcc1653b4a15f8ef621c9575cd"},"headline":"\u00bfSABES QU\u00c9 PASO? &#8211; BOLET\u00cdN SEMANAL DEL 5 AL 9 DE JUNIO","datePublished":"2023-06-12T08:58:19+00:00","dateModified":"2023-08-28T16:19:43+00:00","mainEntityOfPage":{"@id":"https:\/\/fibgar.es\/en\/sabes-que-paso-boletin-semanal-del-5-al-9-de-junio\/"},"wordCount":779,"publisher":{"@id":"https:\/\/fibgar.es\/en\/#organization"},"image":{"@id":"https:\/\/fibgar.es\/en\/sabes-que-paso-boletin-semanal-del-5-al-9-de-junio\/#primaryimage"},"thumbnailUrl":"https:\/\/fibgar.es\/wp-content\/uploads\/2023\/06\/BOLETIN-IG-05-10-JUNIO-1080-\u00d7-500-px.jpg","keywords":["cr\u00edmenes de lesa humanidad","Human Rights","medio ambiente","rohiny\u00e1"],"articleSection":["Boletin de noticias"],"inLanguage":"en-US"},{"@type":"WebPage","@id":"https:\/\/fibgar.es\/en\/sabes-que-paso-boletin-semanal-del-5-al-9-de-junio\/","url":"https:\/\/fibgar.es\/en\/sabes-que-paso-boletin-semanal-del-5-al-9-de-junio\/","name":"\u00bfSABES QU\u00c9 PASO? - BOLET\u00cdN SEMANAL DEL 5 AL 9 DE JUNIO - FIBGAR","isPartOf":{"@id":"https:\/\/fibgar.es\/en\/#website"},"primaryImageOfPage":{"@id":"https:\/\/fibgar.es\/en\/sabes-que-paso-boletin-semanal-del-5-al-9-de-junio\/#primaryimage"},"image":{"@id":"https:\/\/fibgar.es\/en\/sabes-que-paso-boletin-semanal-del-5-al-9-de-junio\/#primaryimage"},"thumbnailUrl":"https:\/\/fibgar.es\/wp-content\/uploads\/2023\/06\/BOLETIN-IG-05-10-JUNIO-1080-\u00d7-500-px.jpg","datePublished":"2023-06-12T08:58:19+00:00","dateModified":"2023-08-28T16:19:43+00:00","description":"Cuando habl\u00e1bamos de diligencia debida (due diligence) en el marco de las empresas, nos refer\u00edamos a la precauci\u00f3n razonable con la cual una empresa deb\u00eda realizar un acuerdo, teniendo en cuenta los datos financieros y otros documentos de inter\u00e9s. El an\u00e1lisis de riesgos solo ten\u00eda en cuenta variables meramente econ\u00f3micas. Desde 2021, sin embargo, el Parlamento Europeo ha tomado una direcci\u00f3n diversa respecto a este tema. En su Resoluci\u00f3n del 10 de marzo de ese a\u00f1o comenzaba a plantearse lo que se ha traducido en un nuevo proyecto de legislaci\u00f3n.","breadcrumb":{"@id":"https:\/\/fibgar.es\/en\/sabes-que-paso-boletin-semanal-del-5-al-9-de-junio\/#breadcrumb"},"inLanguage":"en-US","potentialAction":[{"@type":"ReadAction","target":["https:\/\/fibgar.es\/en\/sabes-que-paso-boletin-semanal-del-5-al-9-de-junio\/"]}]},{"@type":"ImageObject","inLanguage":"en-US","@id":"https:\/\/fibgar.es\/en\/sabes-que-paso-boletin-semanal-del-5-al-9-de-junio\/#primaryimage","url":"https:\/\/fibgar.es\/wp-content\/uploads\/2023\/06\/BOLETIN-IG-05-10-JUNIO-1080-\u00d7-500-px.jpg","contentUrl":"https:\/\/fibgar.es\/wp-content\/uploads\/2023\/06\/BOLETIN-IG-05-10-JUNIO-1080-\u00d7-500-px.jpg","width":1080,"height":500},{"@type":"BreadcrumbList","@id":"https:\/\/fibgar.es\/en\/sabes-que-paso-boletin-semanal-del-5-al-9-de-junio\/#breadcrumb","itemListElement":[{"@type":"ListItem","position":1,"name":"Home","item":"https:\/\/fibgar.es\/en\/"},{"@type":"ListItem","position":2,"name":"\u00bfSABES QU\u00c9 PASO? &#8211; BOLET\u00cdN SEMANAL DEL 5 AL 9 DE JUNIO"}]},{"@type":"WebSite","@id":"https:\/\/fibgar.es\/en\/#website","url":"https:\/\/fibgar.es\/en\/","name":"FIBGAR","description":"Fundaci\u00f3n Internacional Baltasar Garz\u00f3n","publisher":{"@id":"https:\/\/fibgar.es\/en\/#organization"},"alternateName":"FIBGAR","potentialAction":[{"@type":"SearchAction","target":{"@type":"EntryPoint","urlTemplate":"https:\/\/fibgar.es\/en\/?s={search_term_string}"},"query-input":{"@type":"PropertyValueSpecification","valueRequired":true,"valueName":"search_term_string"}}],"inLanguage":"en-US"},{"@type":"Organization","@id":"https:\/\/fibgar.es\/en\/#organization","name":"Fundaci\u00f3n Internacional Baltasar Garz\u00f3n","alternateName":"FIBGAR","url":"https:\/\/fibgar.es\/en\/","logo":{"@type":"ImageObject","inLanguage":"en-US","@id":"https:\/\/fibgar.es\/en\/#\/schema\/logo\/image\/","url":"https:\/\/fibgar.es\/wp-content\/uploads\/2020\/04\/cropped-fibgar-icono.jpeg","contentUrl":"https:\/\/fibgar.es\/wp-content\/uploads\/2020\/04\/cropped-fibgar-icono.jpeg","width":512,"height":512,"caption":"Fundaci\u00f3n Internacional Baltasar Garz\u00f3n"},"image":{"@id":"https:\/\/fibgar.es\/en\/#\/schema\/logo\/image\/"},"sameAs":["https:\/\/www.facebook.com\/Fibgar","https:\/\/x.com\/fibgar_"]},{"@type":"Person","@id":"https:\/\/fibgar.es\/en\/#\/schema\/person\/c32d1ebcc1653b4a15f8ef621c9575cd","name":"Fibgar","sameAs":["facebook.com\/Fibgar","https:\/\/www.instagram.com\/fibgar__\/","https:\/\/www.linkedin.com\/company\/fibgar","https:\/\/x.com\/fibgar_","https:\/\/www.youtube.com\/c\/FIBGARTV\/featured"],"url":"https:\/\/fibgar.es\/en\/author\/fibgarau\/"}]}},"_links":{"self":[{"href":"https:\/\/fibgar.es\/en\/wp-json\/wp\/v2\/posts\/22056","targetHints":{"allow":["GET"]}}],"collection":[{"href":"https:\/\/fibgar.es\/en\/wp-json\/wp\/v2\/posts"}],"about":[{"href":"https:\/\/fibgar.es\/en\/wp-json\/wp\/v2\/types\/post"}],"author":[{"embeddable":true,"href":"https:\/\/fibgar.es\/en\/wp-json\/wp\/v2\/users\/4"}],"replies":[{"embeddable":true,"href":"https:\/\/fibgar.es\/en\/wp-json\/wp\/v2\/comments?post=22056"}],"version-history":[{"count":1,"href":"https:\/\/fibgar.es\/en\/wp-json\/wp\/v2\/posts\/22056\/revisions"}],"predecessor-version":[{"id":22057,"href":"https:\/\/fibgar.es\/en\/wp-json\/wp\/v2\/posts\/22056\/revisions\/22057"}],"wp:featuredmedia":[{"embeddable":true,"href":"https:\/\/fibgar.es\/en\/wp-json\/wp\/v2\/media\/21764"}],"wp:attachment":[{"href":"https:\/\/fibgar.es\/en\/wp-json\/wp\/v2\/media?parent=22056"}],"wp:term":[{"taxonomy":"category","embeddable":true,"href":"https:\/\/fibgar.es\/en\/wp-json\/wp\/v2\/categories?post=22056"},{"taxonomy":"post_tag","embeddable":true,"href":"https:\/\/fibgar.es\/en\/wp-json\/wp\/v2\/tags?post=22056"}],"curies":[{"name":"wp","href":"https:\/\/api.w.org\/{rel}","templated":true}]}}