{"id":22065,"date":"2023-05-16T11:18:35","date_gmt":"2023-05-16T09:18:35","guid":{"rendered":"https:\/\/fibgar.es\/sabes-que-paso-boletin-semanal-del-8-al-13-de-mayo\/"},"modified":"2023-08-29T11:07:39","modified_gmt":"2023-08-29T09:07:39","slug":"sabes-que-paso-boletin-semanal-del-8-al-13-de-mayo","status":"publish","type":"post","link":"https:\/\/fibgar.es\/en\/sabes-que-paso-boletin-semanal-del-8-al-13-de-mayo\/","title":{"rendered":"\u00bfSabes qu\u00e9 pas\u00f3? Bolet\u00edn Semanal del 8 al 13 de mayo?"},"content":{"rendered":"\n<p class=\"has-text-color\" style=\"color:#4a4a4a;font-style:normal;font-weight:500\"><a><strong>Adopci\u00f3n de Principios Comunes de la ONU para generaciones futuras<\/strong><\/a><\/p>\n\n<p class=\"has-text-color\" style=\"color:#4a4a4a;font-style:normal;font-weight:500\">El <strong>Sistema de las Naciones Unidas<\/strong> ha adoptado los <a href=\"https:\/\/unsceb.org\/sites\/default\/files\/2023-05\/Advance%20Unedited%20-%20United%20Nations%20System%20Common%20Principles%20on%20Future%20Generations.pdf\">Principios Comunes<\/a> sobre las generaciones futuras con el objetivo de <strong>fortalecer el compromiso de los Estados<\/strong> miembros y las entidades del sistema de la ONU con el bienestar humano a largo plazo. Los principios buscan establecer una base compartida para comprender el concepto de las generaciones futuras y la <strong>equidad intergeneracional<\/strong>, y se espera que aporten mayor claridad sobre la terminolog\u00eda y los valores comunes en la planificaci\u00f3n estrat\u00e9gica, el asesoramiento pol\u00edtico y la programaci\u00f3n de las distintas entidades del sistema de la ONU.<\/p>\n\n<p class=\"has-text-color\" style=\"color:#4a4a4a;font-style:normal;font-weight:500\">Entre los objetivos de los <strong>Principios Comunes<\/strong> est\u00e1 garantizar el respeto por los <strong>derechos humanos<\/strong> y la equidad intergeneracional, as\u00ed como promover el desarrollo sostenible que proteja la biodiversidad y los recursos naturales. El enfoque en las generaciones futuras <strong>no implica descuidar<\/strong> las necesidades de las <strong>generaciones presentes<\/strong> ni los esfuerzos para abordar los Objetivos de Desarrollo Sostenible.<\/p>\n\n<p class=\"has-text-color\" style=\"color:#4a4a4a;font-style:normal;font-weight:500\">La iniciativa de los Principios Comunes surge en <strong>respuesta al compromiso del Sistema<\/strong> de las Naciones Unidas de fomentar una gobernanza global a largo plazo y en reconocimiento de la importancia de las generaciones futuras, que se remontaa la Declaraci\u00f3n sobre las Responsabilidades de las Generaciones Presentes con las Futuras Generaciones de <strong>1997.<\/strong><\/p>\n\n<p class=\"has-text-color\" style=\"color:#4a4a4a;font-style:normal;font-weight:500\">Puede leer la noticia completa <a href=\"https:\/\/unsceb.org\/united-nations-system-common-principles-future-generations\">aqu\u00ed<\/a><\/p>\n\n<p class=\"has-text-color\" style=\"color:#4a4a4a;font-style:normal;font-weight:500\"><a><strong>La UE se adhiere al Convenio de Estambul contra la violencia de g\u00e9nero<\/strong><\/a><\/p>\n\n<p class=\"has-text-color\" style=\"color:#4a4a4a;font-style:normal;font-weight:500\">La Euroc\u00e1mara aprob\u00f3 la <strong>adhesi\u00f3n<\/strong> de la Uni\u00f3n Europea (UE) al <a href=\"https:\/\/rm.coe.int\/1680464e73\"><strong>Convenio de Estambul<\/strong><\/a><strong> <\/strong>de 2011, el mayor acuerdo contra la violencia de g\u00e9nero. Tras ocho a\u00f1os de debates y la oposici\u00f3n de algunos Estados miembros, el Parlamento Europeo dio luz verde a esta adhesi\u00f3n, fortaleciendo el marco jur\u00eddico de la UE en la prevenci\u00f3n y combate contra la violencia de g\u00e9nero. Una vez ratificado, los pa\u00edses de la UE que a\u00fan no se han adherido deber\u00e1n <strong>adaptar su legislaci\u00f3n<\/strong> para cumplir con las normas del convenio.<\/p>\n\n<p class=\"has-text-color\" style=\"color:#4a4a4a;font-style:normal;font-weight:500\">El Convenio de Estambul aborda no solo la tipificaci\u00f3n de delitos de violencia contra la mujer, sino tambi\u00e9n la <strong>prevenci\u00f3n, atenci\u00f3n a las v\u00edctimas y cooperaci\u00f3n judicial<\/strong> entre los Estados miembros. Adem\u00e1s, busca crear conciencia y recopilar datos para tener un panorama m\u00e1s preciso de la violencia de g\u00e9nero en la UE.<\/p>\n\n<p class=\"has-text-color\" style=\"color:#4a4a4a;font-style:normal;font-weight:500\">La Euroc\u00e1mara sigue trabajando en una <strong>directiva<\/strong> que tipifique como delito la violaci\u00f3n basada en la falta de consentimiento, as\u00ed como otros aspectos como la mutilaci\u00f3n genital femenina y la ciber violencia. Esta medida representa <strong>un paso m\u00e1s en la lucha<\/strong> contra la violencia de g\u00e9nero y demuestra el compromiso continuo de la UE en la protecci\u00f3n de los derechos de las mujeres y las ni\u00f1as.<\/p>\n\n<p class=\"has-text-color\" style=\"color:#4a4a4a;font-style:normal;font-weight:500\">Puede leer la noticia completa <a href=\"https:\/\/www.huffingtonpost.es\/global\/eurocamara-aprueba-adhesion-mayor-convenio-violencia-machista-data-2011br.html\">aqu\u00ed<\/a><\/p>\n\n<p class=\"has-text-color\" style=\"color:#4a4a4a;font-style:normal;font-weight:500\"><a><strong>Violencia de pandillas en Hait\u00ed requiere apoyo internacional urgente<\/strong><\/a><\/p>\n\n<p class=\"has-text-color\" style=\"color:#4a4a4a;font-style:normal;font-weight:500\">Hait\u00ed se encuentra sumido en una grave <strong>crisis de violencia<\/strong> perpetrada por pandillas, y es necesario una intervenci\u00f3n internacional urgente para detener esta situaci\u00f3n. Seg\u00fan la <strong>Oficina Integrada de las Naciones Unidas en Hait\u00ed (BINUH<\/strong>), solo en el mes de abril m\u00e1s de 600 personas perdieron la vida en actos de violencia en la capital del pa\u00eds. Estos alarmantes n\u00fameros se suman a los <strong>846 homicidios<\/strong> registrados en los primeros tres meses del a\u00f1o.<\/p>\n\n<p class=\"has-text-color\" style=\"color:#4a4a4a;font-style:normal;font-weight:500\">Tambi\u00e9n, en el \u00faltimo <a href=\"https:\/\/www.ohchr.org\/sites\/default\/files\/documents\/countries\/haiti\/Haiti-Human-rights-quarterly-report-Q1-2023-EN.pdf\">informe<\/a> presentado por BINUH y la oficina de derechos humanos (OHCHR), se destaca el aumento de los <strong>linchamientos<\/strong> y la violencia extrema utilizada por las <strong>pandillas<\/strong>, incluyendo el uso de francotiradores que disparan indiscriminadamente a personas en su vida cotidiana. Adem\u00e1s, el informe ha documentado el uso de <strong>violencia sexual<\/strong> como una forma de aterrorizar y someter a las comunidades bajo el control de las pandillas rivales.<\/p>\n\n<p class=\"has-text-color\" style=\"color:#4a4a4a;font-style:normal;font-weight:500\">Ante esta crisis de derechos humanos, es crucial que la <strong>comunidad internacional<\/strong> brinde un <strong>apoyo coordinado<\/strong> y especializado para ayudar a las instituciones haitianas. Tambi\u00e9n es necesario actuar de manera inmediata para proteger los derechos fundamentales de la poblaci\u00f3n y abordar las causas subyacentes de esta violencia, como la pobreza y la falta de servicios b\u00e1sicos. La <strong>solidaridad y la cooperaci\u00f3n<\/strong> internacionales son fundamentales para poner fin a la espiral de violencia en Hait\u00ed.<\/p>\n\n<p class=\"has-text-color\" style=\"color:#4a4a4a;font-style:normal;font-weight:500\">Puede leer la noticia completa <a href=\"https:\/\/news.un.org\/en\/story\/2023\/05\/1136502\">aqu\u00ed<\/a>.<\/p>\n\n<p class=\"has-text-color\" style=\"color:#4a4a4a;font-style:normal;font-weight:500\"><\/p>\n\n<p class=\"has-text-color\" style=\"color:#4a4a4a;font-style:normal;font-weight:500\">Madrid, 16 de mayo de 2023<\/p>\n\n<p class=\"has-text-color\" style=\"color:#4a4a4a;font-style:normal;font-weight:500\"><\/p>\n","protected":false},"excerpt":{"rendered":"<p>Adopci\u00f3n de Principios Comunes de la ONU para generaciones futuras El Sistema de las Naciones Unidas ha adoptado los Principios Comunes sobre las generaciones futuras con el objetivo de fortalecer el compromiso de los Estados miembros y las entidades del sistema de la ONU con el bienestar humano a largo plazo. Los principios buscan establecer&#8230;<\/p>\n","protected":false},"author":4,"featured_media":21755,"comment_status":"closed","ping_status":"closed","sticky":false,"template":"","format":"standard","meta":{"footnotes":""},"categories":[600],"tags":[641,642,591,588,643,618,623],"class_list":["post-22065","post","type-post","status-publish","format-standard","has-post-thumbnail","hentry","category-boletin-de-noticias-en","tag-generaciones-futuras-en","tag-haiti-en","tag-human-rights","tag-onu-en","tag-pandillas-en","tag-union-europea-en","tag-violencia-de-genero-en"],"yoast_head":"<!-- This site is optimized with the Yoast SEO plugin v27.5 - https:\/\/yoast.com\/product\/yoast-seo-wordpress\/ -->\n<title>\u00bfSabes qu\u00e9 pas\u00f3? Bolet\u00edn Semanal del 8 al 13 de mayo? - FIBGAR<\/title>\n<meta name=\"robots\" content=\"index, follow, max-snippet:-1, max-image-preview:large, max-video-preview:-1\" \/>\n<link rel=\"canonical\" href=\"https:\/\/fibgar.es\/en\/sabes-que-paso-boletin-semanal-del-8-al-13-de-mayo\/\" \/>\n<meta property=\"og:locale\" content=\"en_US\" \/>\n<meta property=\"og:type\" content=\"article\" \/>\n<meta property=\"og:title\" content=\"\u00bfSabes qu\u00e9 pas\u00f3? Bolet\u00edn Semanal del 8 al 13 de mayo? - FIBGAR\" \/>\n<meta property=\"og:description\" content=\"Adopci\u00f3n de Principios Comunes de la ONU para generaciones futuras El Sistema de las Naciones Unidas ha adoptado los Principios Comunes sobre las generaciones futuras con el objetivo de fortalecer el compromiso de los Estados miembros y las entidades del sistema de la ONU con el bienestar humano a largo plazo. Los principios buscan establecer...\" \/>\n<meta property=\"og:url\" content=\"https:\/\/fibgar.es\/en\/sabes-que-paso-boletin-semanal-del-8-al-13-de-mayo\/\" \/>\n<meta property=\"og:site_name\" content=\"FIBGAR\" \/>\n<meta property=\"article:publisher\" content=\"https:\/\/www.facebook.com\/Fibgar\" \/>\n<meta property=\"article:author\" content=\"facebook.com\/Fibgar\" \/>\n<meta property=\"article:published_time\" content=\"2023-05-16T09:18:35+00:00\" \/>\n<meta property=\"article:modified_time\" content=\"2023-08-29T09:07:39+00:00\" \/>\n<meta property=\"og:image\" content=\"https:\/\/fibgar.es\/wp-content\/uploads\/2023\/05\/BOLETIN.jpg\" \/>\n\t<meta property=\"og:image:width\" content=\"1080\" \/>\n\t<meta property=\"og:image:height\" content=\"500\" \/>\n\t<meta property=\"og:image:type\" content=\"image\/jpeg\" \/>\n<meta name=\"author\" content=\"Fibgar\" \/>\n<meta name=\"twitter:card\" content=\"summary_large_image\" \/>\n<meta name=\"twitter:creator\" content=\"@fibgar_\" \/>\n<meta name=\"twitter:site\" content=\"@fibgar_\" \/>\n<meta name=\"twitter:label1\" content=\"Written by\" \/>\n\t<meta name=\"twitter:data1\" content=\"Fibgar\" \/>\n\t<meta name=\"twitter:label2\" content=\"Est. reading time\" \/>\n\t<meta name=\"twitter:data2\" content=\"4 minutes\" \/>\n<script type=\"application\/ld+json\" class=\"yoast-schema-graph\">{\"@context\":\"https:\\\/\\\/schema.org\",\"@graph\":[{\"@type\":\"Article\",\"@id\":\"https:\\\/\\\/fibgar.es\\\/en\\\/sabes-que-paso-boletin-semanal-del-8-al-13-de-mayo\\\/#article\",\"isPartOf\":{\"@id\":\"https:\\\/\\\/fibgar.es\\\/en\\\/sabes-que-paso-boletin-semanal-del-8-al-13-de-mayo\\\/\"},\"author\":{\"name\":\"Fibgar\",\"@id\":\"https:\\\/\\\/fibgar.es\\\/en\\\/#\\\/schema\\\/person\\\/c32d1ebcc1653b4a15f8ef621c9575cd\"},\"headline\":\"\u00bfSabes qu\u00e9 pas\u00f3? Bolet\u00edn Semanal del 8 al 13 de mayo?\",\"datePublished\":\"2023-05-16T09:18:35+00:00\",\"dateModified\":\"2023-08-29T09:07:39+00:00\",\"mainEntityOfPage\":{\"@id\":\"https:\\\/\\\/fibgar.es\\\/en\\\/sabes-que-paso-boletin-semanal-del-8-al-13-de-mayo\\\/\"},\"wordCount\":739,\"publisher\":{\"@id\":\"https:\\\/\\\/fibgar.es\\\/en\\\/#organization\"},\"image\":{\"@id\":\"https:\\\/\\\/fibgar.es\\\/en\\\/sabes-que-paso-boletin-semanal-del-8-al-13-de-mayo\\\/#primaryimage\"},\"thumbnailUrl\":\"https:\\\/\\\/fibgar.es\\\/wp-content\\\/uploads\\\/2023\\\/05\\\/BOLETIN.jpg\",\"keywords\":[\"generaciones futuras\",\"Hait\u00ed\",\"Human Rights\",\"ONU\",\"pandillas\",\"Uni\u00f3n Europea\",\"violencia de g\u00e9nero\"],\"articleSection\":[\"Boletin de noticias\"],\"inLanguage\":\"en-US\"},{\"@type\":\"WebPage\",\"@id\":\"https:\\\/\\\/fibgar.es\\\/en\\\/sabes-que-paso-boletin-semanal-del-8-al-13-de-mayo\\\/\",\"url\":\"https:\\\/\\\/fibgar.es\\\/en\\\/sabes-que-paso-boletin-semanal-del-8-al-13-de-mayo\\\/\",\"name\":\"\u00bfSabes qu\u00e9 pas\u00f3? Bolet\u00edn Semanal del 8 al 13 de mayo? - FIBGAR\",\"isPartOf\":{\"@id\":\"https:\\\/\\\/fibgar.es\\\/en\\\/#website\"},\"primaryImageOfPage\":{\"@id\":\"https:\\\/\\\/fibgar.es\\\/en\\\/sabes-que-paso-boletin-semanal-del-8-al-13-de-mayo\\\/#primaryimage\"},\"image\":{\"@id\":\"https:\\\/\\\/fibgar.es\\\/en\\\/sabes-que-paso-boletin-semanal-del-8-al-13-de-mayo\\\/#primaryimage\"},\"thumbnailUrl\":\"https:\\\/\\\/fibgar.es\\\/wp-content\\\/uploads\\\/2023\\\/05\\\/BOLETIN.jpg\",\"datePublished\":\"2023-05-16T09:18:35+00:00\",\"dateModified\":\"2023-08-29T09:07:39+00:00\",\"breadcrumb\":{\"@id\":\"https:\\\/\\\/fibgar.es\\\/en\\\/sabes-que-paso-boletin-semanal-del-8-al-13-de-mayo\\\/#breadcrumb\"},\"inLanguage\":\"en-US\",\"potentialAction\":[{\"@type\":\"ReadAction\",\"target\":[\"https:\\\/\\\/fibgar.es\\\/en\\\/sabes-que-paso-boletin-semanal-del-8-al-13-de-mayo\\\/\"]}]},{\"@type\":\"ImageObject\",\"inLanguage\":\"en-US\",\"@id\":\"https:\\\/\\\/fibgar.es\\\/en\\\/sabes-que-paso-boletin-semanal-del-8-al-13-de-mayo\\\/#primaryimage\",\"url\":\"https:\\\/\\\/fibgar.es\\\/wp-content\\\/uploads\\\/2023\\\/05\\\/BOLETIN.jpg\",\"contentUrl\":\"https:\\\/\\\/fibgar.es\\\/wp-content\\\/uploads\\\/2023\\\/05\\\/BOLETIN.jpg\",\"width\":1080,\"height\":500},{\"@type\":\"BreadcrumbList\",\"@id\":\"https:\\\/\\\/fibgar.es\\\/en\\\/sabes-que-paso-boletin-semanal-del-8-al-13-de-mayo\\\/#breadcrumb\",\"itemListElement\":[{\"@type\":\"ListItem\",\"position\":1,\"name\":\"Home\",\"item\":\"https:\\\/\\\/fibgar.es\\\/en\\\/\"},{\"@type\":\"ListItem\",\"position\":2,\"name\":\"\u00bfSabes qu\u00e9 pas\u00f3? Bolet\u00edn Semanal del 8 al 13 de mayo?\"}]},{\"@type\":\"WebSite\",\"@id\":\"https:\\\/\\\/fibgar.es\\\/en\\\/#website\",\"url\":\"https:\\\/\\\/fibgar.es\\\/en\\\/\",\"name\":\"FIBGAR\",\"description\":\"Fundaci\u00f3n Internacional Baltasar Garz\u00f3n\",\"publisher\":{\"@id\":\"https:\\\/\\\/fibgar.es\\\/en\\\/#organization\"},\"alternateName\":\"FIBGAR\",\"potentialAction\":[{\"@type\":\"SearchAction\",\"target\":{\"@type\":\"EntryPoint\",\"urlTemplate\":\"https:\\\/\\\/fibgar.es\\\/en\\\/?s={search_term_string}\"},\"query-input\":{\"@type\":\"PropertyValueSpecification\",\"valueRequired\":true,\"valueName\":\"search_term_string\"}}],\"inLanguage\":\"en-US\"},{\"@type\":\"Organization\",\"@id\":\"https:\\\/\\\/fibgar.es\\\/en\\\/#organization\",\"name\":\"Fundaci\u00f3n Internacional Baltasar Garz\u00f3n\",\"alternateName\":\"FIBGAR\",\"url\":\"https:\\\/\\\/fibgar.es\\\/en\\\/\",\"logo\":{\"@type\":\"ImageObject\",\"inLanguage\":\"en-US\",\"@id\":\"https:\\\/\\\/fibgar.es\\\/en\\\/#\\\/schema\\\/logo\\\/image\\\/\",\"url\":\"https:\\\/\\\/fibgar.es\\\/wp-content\\\/uploads\\\/2020\\\/04\\\/cropped-fibgar-icono.jpeg\",\"contentUrl\":\"https:\\\/\\\/fibgar.es\\\/wp-content\\\/uploads\\\/2020\\\/04\\\/cropped-fibgar-icono.jpeg\",\"width\":512,\"height\":512,\"caption\":\"Fundaci\u00f3n Internacional Baltasar Garz\u00f3n\"},\"image\":{\"@id\":\"https:\\\/\\\/fibgar.es\\\/en\\\/#\\\/schema\\\/logo\\\/image\\\/\"},\"sameAs\":[\"https:\\\/\\\/www.facebook.com\\\/Fibgar\",\"https:\\\/\\\/x.com\\\/fibgar_\"]},{\"@type\":\"Person\",\"@id\":\"https:\\\/\\\/fibgar.es\\\/en\\\/#\\\/schema\\\/person\\\/c32d1ebcc1653b4a15f8ef621c9575cd\",\"name\":\"Fibgar\",\"sameAs\":[\"facebook.com\\\/Fibgar\",\"https:\\\/\\\/www.instagram.com\\\/fibgar__\\\/\",\"https:\\\/\\\/www.linkedin.com\\\/company\\\/fibgar\",\"https:\\\/\\\/x.com\\\/fibgar_\",\"https:\\\/\\\/www.youtube.com\\\/c\\\/FIBGARTV\\\/featured\"],\"url\":\"https:\\\/\\\/fibgar.es\\\/en\\\/author\\\/fibgarau\\\/\"}]}<\/script>\n<!-- \/ Yoast SEO plugin. -->","yoast_head_json":{"title":"\u00bfSabes qu\u00e9 pas\u00f3? Bolet\u00edn Semanal del 8 al 13 de mayo? - FIBGAR","robots":{"index":"index","follow":"follow","max-snippet":"max-snippet:-1","max-image-preview":"max-image-preview:large","max-video-preview":"max-video-preview:-1"},"canonical":"https:\/\/fibgar.es\/en\/sabes-que-paso-boletin-semanal-del-8-al-13-de-mayo\/","og_locale":"en_US","og_type":"article","og_title":"\u00bfSabes qu\u00e9 pas\u00f3? Bolet\u00edn Semanal del 8 al 13 de mayo? - FIBGAR","og_description":"Adopci\u00f3n de Principios Comunes de la ONU para generaciones futuras El Sistema de las Naciones Unidas ha adoptado los Principios Comunes sobre las generaciones futuras con el objetivo de fortalecer el compromiso de los Estados miembros y las entidades del sistema de la ONU con el bienestar humano a largo plazo. Los principios buscan establecer...","og_url":"https:\/\/fibgar.es\/en\/sabes-que-paso-boletin-semanal-del-8-al-13-de-mayo\/","og_site_name":"FIBGAR","article_publisher":"https:\/\/www.facebook.com\/Fibgar","article_author":"facebook.com\/Fibgar","article_published_time":"2023-05-16T09:18:35+00:00","article_modified_time":"2023-08-29T09:07:39+00:00","og_image":[{"width":1080,"height":500,"url":"https:\/\/fibgar.es\/wp-content\/uploads\/2023\/05\/BOLETIN.jpg","type":"image\/jpeg"}],"author":"Fibgar","twitter_card":"summary_large_image","twitter_creator":"@fibgar_","twitter_site":"@fibgar_","twitter_misc":{"Written by":"Fibgar","Est. reading time":"4 minutes"},"schema":{"@context":"https:\/\/schema.org","@graph":[{"@type":"Article","@id":"https:\/\/fibgar.es\/en\/sabes-que-paso-boletin-semanal-del-8-al-13-de-mayo\/#article","isPartOf":{"@id":"https:\/\/fibgar.es\/en\/sabes-que-paso-boletin-semanal-del-8-al-13-de-mayo\/"},"author":{"name":"Fibgar","@id":"https:\/\/fibgar.es\/en\/#\/schema\/person\/c32d1ebcc1653b4a15f8ef621c9575cd"},"headline":"\u00bfSabes qu\u00e9 pas\u00f3? Bolet\u00edn Semanal del 8 al 13 de mayo?","datePublished":"2023-05-16T09:18:35+00:00","dateModified":"2023-08-29T09:07:39+00:00","mainEntityOfPage":{"@id":"https:\/\/fibgar.es\/en\/sabes-que-paso-boletin-semanal-del-8-al-13-de-mayo\/"},"wordCount":739,"publisher":{"@id":"https:\/\/fibgar.es\/en\/#organization"},"image":{"@id":"https:\/\/fibgar.es\/en\/sabes-que-paso-boletin-semanal-del-8-al-13-de-mayo\/#primaryimage"},"thumbnailUrl":"https:\/\/fibgar.es\/wp-content\/uploads\/2023\/05\/BOLETIN.jpg","keywords":["generaciones futuras","Hait\u00ed","Human Rights","ONU","pandillas","Uni\u00f3n Europea","violencia de g\u00e9nero"],"articleSection":["Boletin de noticias"],"inLanguage":"en-US"},{"@type":"WebPage","@id":"https:\/\/fibgar.es\/en\/sabes-que-paso-boletin-semanal-del-8-al-13-de-mayo\/","url":"https:\/\/fibgar.es\/en\/sabes-que-paso-boletin-semanal-del-8-al-13-de-mayo\/","name":"\u00bfSabes qu\u00e9 pas\u00f3? Bolet\u00edn Semanal del 8 al 13 de mayo? - FIBGAR","isPartOf":{"@id":"https:\/\/fibgar.es\/en\/#website"},"primaryImageOfPage":{"@id":"https:\/\/fibgar.es\/en\/sabes-que-paso-boletin-semanal-del-8-al-13-de-mayo\/#primaryimage"},"image":{"@id":"https:\/\/fibgar.es\/en\/sabes-que-paso-boletin-semanal-del-8-al-13-de-mayo\/#primaryimage"},"thumbnailUrl":"https:\/\/fibgar.es\/wp-content\/uploads\/2023\/05\/BOLETIN.jpg","datePublished":"2023-05-16T09:18:35+00:00","dateModified":"2023-08-29T09:07:39+00:00","breadcrumb":{"@id":"https:\/\/fibgar.es\/en\/sabes-que-paso-boletin-semanal-del-8-al-13-de-mayo\/#breadcrumb"},"inLanguage":"en-US","potentialAction":[{"@type":"ReadAction","target":["https:\/\/fibgar.es\/en\/sabes-que-paso-boletin-semanal-del-8-al-13-de-mayo\/"]}]},{"@type":"ImageObject","inLanguage":"en-US","@id":"https:\/\/fibgar.es\/en\/sabes-que-paso-boletin-semanal-del-8-al-13-de-mayo\/#primaryimage","url":"https:\/\/fibgar.es\/wp-content\/uploads\/2023\/05\/BOLETIN.jpg","contentUrl":"https:\/\/fibgar.es\/wp-content\/uploads\/2023\/05\/BOLETIN.jpg","width":1080,"height":500},{"@type":"BreadcrumbList","@id":"https:\/\/fibgar.es\/en\/sabes-que-paso-boletin-semanal-del-8-al-13-de-mayo\/#breadcrumb","itemListElement":[{"@type":"ListItem","position":1,"name":"Home","item":"https:\/\/fibgar.es\/en\/"},{"@type":"ListItem","position":2,"name":"\u00bfSabes qu\u00e9 pas\u00f3? Bolet\u00edn Semanal del 8 al 13 de mayo?"}]},{"@type":"WebSite","@id":"https:\/\/fibgar.es\/en\/#website","url":"https:\/\/fibgar.es\/en\/","name":"FIBGAR","description":"Fundaci\u00f3n Internacional Baltasar Garz\u00f3n","publisher":{"@id":"https:\/\/fibgar.es\/en\/#organization"},"alternateName":"FIBGAR","potentialAction":[{"@type":"SearchAction","target":{"@type":"EntryPoint","urlTemplate":"https:\/\/fibgar.es\/en\/?s={search_term_string}"},"query-input":{"@type":"PropertyValueSpecification","valueRequired":true,"valueName":"search_term_string"}}],"inLanguage":"en-US"},{"@type":"Organization","@id":"https:\/\/fibgar.es\/en\/#organization","name":"Fundaci\u00f3n Internacional Baltasar Garz\u00f3n","alternateName":"FIBGAR","url":"https:\/\/fibgar.es\/en\/","logo":{"@type":"ImageObject","inLanguage":"en-US","@id":"https:\/\/fibgar.es\/en\/#\/schema\/logo\/image\/","url":"https:\/\/fibgar.es\/wp-content\/uploads\/2020\/04\/cropped-fibgar-icono.jpeg","contentUrl":"https:\/\/fibgar.es\/wp-content\/uploads\/2020\/04\/cropped-fibgar-icono.jpeg","width":512,"height":512,"caption":"Fundaci\u00f3n Internacional Baltasar Garz\u00f3n"},"image":{"@id":"https:\/\/fibgar.es\/en\/#\/schema\/logo\/image\/"},"sameAs":["https:\/\/www.facebook.com\/Fibgar","https:\/\/x.com\/fibgar_"]},{"@type":"Person","@id":"https:\/\/fibgar.es\/en\/#\/schema\/person\/c32d1ebcc1653b4a15f8ef621c9575cd","name":"Fibgar","sameAs":["facebook.com\/Fibgar","https:\/\/www.instagram.com\/fibgar__\/","https:\/\/www.linkedin.com\/company\/fibgar","https:\/\/x.com\/fibgar_","https:\/\/www.youtube.com\/c\/FIBGARTV\/featured"],"url":"https:\/\/fibgar.es\/en\/author\/fibgarau\/"}]}},"_links":{"self":[{"href":"https:\/\/fibgar.es\/en\/wp-json\/wp\/v2\/posts\/22065","targetHints":{"allow":["GET"]}}],"collection":[{"href":"https:\/\/fibgar.es\/en\/wp-json\/wp\/v2\/posts"}],"about":[{"href":"https:\/\/fibgar.es\/en\/wp-json\/wp\/v2\/types\/post"}],"author":[{"embeddable":true,"href":"https:\/\/fibgar.es\/en\/wp-json\/wp\/v2\/users\/4"}],"replies":[{"embeddable":true,"href":"https:\/\/fibgar.es\/en\/wp-json\/wp\/v2\/comments?post=22065"}],"version-history":[{"count":1,"href":"https:\/\/fibgar.es\/en\/wp-json\/wp\/v2\/posts\/22065\/revisions"}],"predecessor-version":[{"id":22066,"href":"https:\/\/fibgar.es\/en\/wp-json\/wp\/v2\/posts\/22065\/revisions\/22066"}],"wp:featuredmedia":[{"embeddable":true,"href":"https:\/\/fibgar.es\/en\/wp-json\/wp\/v2\/media\/21755"}],"wp:attachment":[{"href":"https:\/\/fibgar.es\/en\/wp-json\/wp\/v2\/media?parent=22065"}],"wp:term":[{"taxonomy":"category","embeddable":true,"href":"https:\/\/fibgar.es\/en\/wp-json\/wp\/v2\/categories?post=22065"},{"taxonomy":"post_tag","embeddable":true,"href":"https:\/\/fibgar.es\/en\/wp-json\/wp\/v2\/tags?post=22065"}],"curies":[{"name":"wp","href":"https:\/\/api.w.org\/{rel}","templated":true}]}}