{"id":22069,"date":"2023-05-03T10:48:12","date_gmt":"2023-05-03T08:48:12","guid":{"rendered":"https:\/\/fibgar.es\/sabes-que-paso-boletin-semanal-del-24-al-30-de-abril\/"},"modified":"2023-08-29T11:09:13","modified_gmt":"2023-08-29T09:09:13","slug":"sabes-que-paso-boletin-semanal-del-24-al-30-de-abril","status":"publish","type":"post","link":"https:\/\/fibgar.es\/en\/sabes-que-paso-boletin-semanal-del-24-al-30-de-abril\/","title":{"rendered":"\u00bfSabes qu\u00e9 pas\u00f3? Bolet\u00edn Semanal del 24 al 30 de abril"},"content":{"rendered":"\n<p class=\"has-text-color\" style=\"color:#4a4a4a;font-style:normal;font-weight:500\"><a><strong>Exhumados los restos de Jos\u00e9 Antonio Primo de Rivera en el Valle de Cuelgamuros<\/strong><\/a><\/p>\n\n<p class=\"has-text-color\" style=\"color:#4a4a4a;font-style:normal;font-weight:500\">El lunes 24 se llev\u00f3 a cabo la <strong>exhumaci\u00f3n<\/strong> de los restos de <strong>Jos\u00e9 Antonio<\/strong> <strong>Primo de Rivera<\/strong>, cofundador de la Falange Espa\u00f1ola de las JONS, partido fascista y nacionalsocialista espa\u00f1ol. Fue fusilado por la Rep\u00fablica al comienzo de la Guerra Civil, en 1936, y desde entonces <strong>sus restos han sido trasladados varias veces<\/strong>, hasta ser ubicados en el Valle de Cuelgamuros, tambi\u00e9n conocido como el Valle de los Ca\u00eddos.<\/p>\n\n<p class=\"has-text-color\" style=\"color:#4a4a4a;font-style:normal;font-weight:500\">Ahora, gracias a la <a href=\"https:\/\/www.boe.es\/buscar\/pdf\/2022\/BOE-A-2022-17099-consolidado.pdf\">Ley de Memoria Hist\u00f3rica<\/a>, se procedi\u00f3 a la reubicaci\u00f3n de los restos de Primo de Rivera. Esto se debe a que la <strong>nueva ley<\/strong> establece en su art\u00edculo 54 que en el <strong>Valle de Cuelgamuros <\/strong>solo podr\u00e1n yacer los restos mortales de las personas fallecidas como consecuencia de la Guerra Civil, con el objetivo de homenajear a las v\u00edctimas. Por ello, la familia decidi\u00f3 llevar sus restos a un cementerio cat\u00f3lico, en este caso el cementerio de San Isidro.<\/p>\n\n<p class=\"has-text-color\" style=\"color:#4a4a4a;font-style:normal;font-weight:500\">Aunque algunos desconocen qui\u00e9n fue Primo de Rivera y por qu\u00e9 se lleva a cabo esta iniciativa, su figura tiene relevancia en la historia de Espa\u00f1a por su papel en la creaci\u00f3n de <strong>Falange<\/strong> Espa\u00f1ola de las JONS y por su vinculaci\u00f3n con el <strong>r\u00e9gimen dictatorial<\/strong> de su padre, el general Miguel Primo de Rivera y Orbaneja, quien ostent\u00f3 el poder en Espa\u00f1a entre 1923 y 1930.<\/p>\n\n<p class=\"has-text-color\" style=\"color:#4a4a4a;font-style:normal;font-weight:500\">Puede leer la noticia completa <a href=\"https:\/\/www.huffingtonpost.es\/politica\/primo-rivera-que-entierran-cementerio-san-isidro.html\">aqu\u00ed<\/a><\/p>\n\n<p class=\"has-text-color\" style=\"color:#4a4a4a;font-style:normal;font-weight:500\"><a><strong>La ONU llama a pausas humanitarias en Sud\u00e1n<\/strong><\/a><\/p>\n\n<p class=\"has-text-color\" style=\"color:#4a4a4a;font-style:normal;font-weight:500\">Los enfrentamientos entre tropas del ej\u00e9rcito nacional y una poderosa milicia rival conocida como las Fuerzas de Apoyo R\u00e1pido (RSF, por sus siglas en ingl\u00e9s) estallaron hace dos semanas y han tenido un impacto devastador en la vida civil y en la operaci\u00f3n de ayuda humanitaria en Sud\u00e1n. El <strong>Coordinador Humanitario de la ONU en el pa\u00eds<\/strong>, Abdou Dieng, emiti\u00f3 una fuerte declaraci\u00f3n el viernes pasado instando a ambas partes a <strong>&#8220;implementar pausas humanitarias<\/strong>&#8221; que permitan a los civiles y trabajadores humanitarios acceder a suministros esenciales.<\/p>\n\n<p class=\"has-text-color\" style=\"color:#4a4a4a;font-style:normal;font-weight:500\">El personal de la <strong>Agencia de Migraci\u00f3n de las Naciones Unidas<\/strong> (OIM) tambi\u00e9n se ha visto afectado. Un miembro del equipo ha muerto en un cruce de fuego entre las partes beligerantes. Al menos 331 personas han sido asesinadas en todo el pa\u00eds, incluidos cinco trabajadores humanitarios, y casi 3.200 han resultado heridos. El conflicto ha obligado a la OIM a suspender sus operaciones humanitarias en el pa\u00eds, y la <strong>escasez<\/strong> de alimentos, agua y atenci\u00f3n m\u00e9dica est\u00e1 afectando gravemente a los ciudadanos.<\/p>\n\n<p class=\"has-text-color\" style=\"color:#4a4a4a;font-style:normal;font-weight:500\">Por su parte, la <strong>jefa de ONU Mujeres<\/strong>, Sima Bahous, ha expresado su preocupaci\u00f3n por el impacto de la lucha en las mujeres y ni\u00f1as sudanesas, instando a las fuerzas del gobierno y la milicia a <strong>protegerlas<\/strong> de la violencia sexual y de g\u00e9nero.<\/p>\n\n<p class=\"has-text-color\" style=\"color:#4a4a4a;font-style:normal;font-weight:500\">Puede leer la noticia completa <a href=\"https:\/\/news.un.org\/en\/story\/2023\/04\/1135917\">aqu\u00ed<\/a><\/p>\n\n<p class=\"has-text-color\" style=\"color:#4a4a4a;font-style:normal;font-weight:500\"><a><strong>Toma de medidas urgentes para combatir la sequ\u00eda en Espa\u00f1a y Europa<\/strong><\/a><\/p>\n\n<p class=\"has-text-color\" style=\"color:#4a4a4a;font-style:normal;font-weight:500\">La <strong>sequ\u00eda<\/strong> sigue siendo un problema en Espa\u00f1a debido a la falta de lluvia y las altas temperaturas. La sequ\u00eda en Espa\u00f1a tambi\u00e9n <strong>afecta<\/strong> a otras <strong>partes de Europa<\/strong>, y se espera que el tiempo c\u00e1lido previsto para los pr\u00f3ximos meses empeore a\u00fan m\u00e1s la situaci\u00f3n. Seg\u00fan la agencia estatal de meteorolog\u00eda (AEMET), el <strong>27% de Espa\u00f1a est\u00e1 en alerta o emergencia por escasez de agua<\/strong>, lo que subraya la urgencia de implementar una transici\u00f3n hidrol\u00f3gica justa y estrategias de adaptaci\u00f3n al cambio clim\u00e1tico.<\/p>\n\n<p class=\"has-text-color\" style=\"color:#4a4a4a;font-style:normal;font-weight:500\">El Gobierno espa\u00f1ol reconoce la <strong>gravedad de la situaci\u00f3n<\/strong>, ya que un gran porcentaje de las masas de agua superficial y subterr\u00e1nea no se encuentran en buen estado, hay una reducci\u00f3n del 55% de las lluvias y un bajo nivel de agua embalsada. Adem\u00e1s, el <a href=\"https:\/\/www.ipcc.ch\/report\/sixth-assessment-report-cycle\/\">\u00faltimo informe<\/a> del IPCC (Grupo Intergubernamental de Expertos sobre el Cambio Clim\u00e1tico) advierte que la <strong>situaci\u00f3n empeorar\u00e1<\/strong> en las pr\u00f3ximas d\u00e9cadas. Por lo tanto, es esencial desarrollar <strong>estrategias<\/strong> de adaptaci\u00f3n integrales y prestar atenci\u00f3n al efecto combinado de las sequ\u00edas con otros peligros naturales. El gobierno tambi\u00e9n busca <strong>obtener fondos de ayuda econ\u00f3mica<\/strong> para combatir la sequ\u00eda en el pa\u00eds y apoyar a los agricultores y ganaderos.<\/p>\n\n<p class=\"has-text-color\" style=\"color:#4a4a4a;font-style:normal;font-weight:500\">La <strong>Comisi\u00f3n Europea<\/strong> est\u00e1 evaluando la petici\u00f3n de Espa\u00f1a para activar el fondo de reserva de crisis de la Pol\u00edtica Agraria com\u00fan. El gobierno tambi\u00e9n est\u00e1 buscando apoyo de Portugal y est\u00e1 dispuesto a utilizar <strong>fondos europeos de Desarrollo Rural<\/strong> no ejecutados para ofrecer ayudas directas a los agricultores y ganaderos. En resumen, se necesita un <strong>esfuerzo importante para combatir la sequ\u00eda<\/strong> en Espa\u00f1a y en Europa, y para proteger los recursos h\u00eddricos y las comunidades que dependen de ellos.<\/p>\n\n<p class=\"has-text-color\" style=\"color:#4a4a4a;font-style:normal;font-weight:500\"><\/p>\n\n<p class=\"has-text-color\" style=\"color:#4a4a4a;font-style:normal;font-weight:500\">Madrid, 03 de mayo de 2023<\/p>\n","protected":false},"excerpt":{"rendered":"<p>Exhumados los restos de Jos\u00e9 Antonio Primo de Rivera en el Valle de Cuelgamuros El lunes 24 se llev\u00f3 a cabo la exhumaci\u00f3n de los restos de Jos\u00e9 Antonio Primo de Rivera, cofundador de la Falange Espa\u00f1ola de las JONS, partido fascista y nacionalsocialista espa\u00f1ol. Fue fusilado por la Rep\u00fablica al comienzo de la Guerra&#8230;<\/p>\n","protected":false},"author":4,"featured_media":21751,"comment_status":"closed","ping_status":"closed","sticky":false,"template":"","format":"standard","meta":{"footnotes":""},"categories":[600],"tags":[648,588,649,647,619],"class_list":["post-22069","post","type-post","status-publish","format-standard","has-post-thumbnail","hentry","category-boletin-de-noticias-en","tag-exhumacion-en","tag-onu-en","tag-sequia-en","tag-sudan-en","tag-valle-de-cuelgamuros-en"],"yoast_head":"<!-- This site is optimized with the Yoast SEO plugin v27.5 - https:\/\/yoast.com\/product\/yoast-seo-wordpress\/ -->\n<title>\u00bfSabes qu\u00e9 pas\u00f3? Bolet\u00edn Semanal del 24 al 30 de abril - FIBGAR<\/title>\n<meta name=\"description\" content=\"El lunes 24 se llev\u00f3 a cabo la exhumaci\u00f3n de los restos de Jos\u00e9 Antonio Primo de Rivera, cofundador de la Falange Espa\u00f1ola de las JONS, partido fascista y nacionalsocialista espa\u00f1ol. Fue fusilado por la Rep\u00fablica al comienzo de la Guerra Civil, en 1936, y desde entonces sus restos han sido trasladados varias veces, hasta ser ubicados en el Valle de Cuelgamuros, tambi\u00e9n conocido como el Valle de los Ca\u00eddos.\" \/>\n<meta name=\"robots\" content=\"index, follow, max-snippet:-1, max-image-preview:large, max-video-preview:-1\" \/>\n<link rel=\"canonical\" href=\"https:\/\/fibgar.es\/en\/sabes-que-paso-boletin-semanal-del-24-al-30-de-abril\/\" \/>\n<meta property=\"og:locale\" content=\"en_US\" \/>\n<meta property=\"og:type\" content=\"article\" \/>\n<meta property=\"og:title\" content=\"\u00bfSabes qu\u00e9 pas\u00f3? Bolet\u00edn Semanal del 24 al 30 de abril - FIBGAR\" \/>\n<meta property=\"og:description\" content=\"El lunes 24 se llev\u00f3 a cabo la exhumaci\u00f3n de los restos de Jos\u00e9 Antonio Primo de Rivera, cofundador de la Falange Espa\u00f1ola de las JONS, partido fascista y nacionalsocialista espa\u00f1ol. Fue fusilado por la Rep\u00fablica al comienzo de la Guerra Civil, en 1936, y desde entonces sus restos han sido trasladados varias veces, hasta ser ubicados en el Valle de Cuelgamuros, tambi\u00e9n conocido como el Valle de los Ca\u00eddos.\" \/>\n<meta property=\"og:url\" content=\"https:\/\/fibgar.es\/en\/sabes-que-paso-boletin-semanal-del-24-al-30-de-abril\/\" \/>\n<meta property=\"og:site_name\" content=\"FIBGAR\" \/>\n<meta property=\"article:publisher\" content=\"https:\/\/www.facebook.com\/Fibgar\" \/>\n<meta property=\"article:author\" content=\"facebook.com\/Fibgar\" \/>\n<meta property=\"article:published_time\" content=\"2023-05-03T08:48:12+00:00\" \/>\n<meta property=\"article:modified_time\" content=\"2023-08-29T09:09:13+00:00\" \/>\n<meta property=\"og:image\" content=\"https:\/\/fibgar.es\/wp-content\/uploads\/2023\/05\/anti-slapp.jpg\" \/>\n\t<meta property=\"og:image:width\" content=\"1080\" \/>\n\t<meta property=\"og:image:height\" content=\"500\" \/>\n\t<meta property=\"og:image:type\" content=\"image\/jpeg\" \/>\n<meta name=\"author\" content=\"Fibgar\" \/>\n<meta name=\"twitter:card\" content=\"summary_large_image\" \/>\n<meta name=\"twitter:creator\" content=\"@fibgar_\" \/>\n<meta name=\"twitter:site\" content=\"@fibgar_\" \/>\n<meta name=\"twitter:label1\" content=\"Written by\" \/>\n\t<meta name=\"twitter:data1\" content=\"Fibgar\" \/>\n\t<meta name=\"twitter:label2\" content=\"Est. reading time\" \/>\n\t<meta name=\"twitter:data2\" content=\"4 minutes\" \/>\n<script type=\"application\/ld+json\" class=\"yoast-schema-graph\">{\"@context\":\"https:\\\/\\\/schema.org\",\"@graph\":[{\"@type\":\"Article\",\"@id\":\"https:\\\/\\\/fibgar.es\\\/en\\\/sabes-que-paso-boletin-semanal-del-24-al-30-de-abril\\\/#article\",\"isPartOf\":{\"@id\":\"https:\\\/\\\/fibgar.es\\\/en\\\/sabes-que-paso-boletin-semanal-del-24-al-30-de-abril\\\/\"},\"author\":{\"name\":\"Fibgar\",\"@id\":\"https:\\\/\\\/fibgar.es\\\/en\\\/#\\\/schema\\\/person\\\/c32d1ebcc1653b4a15f8ef621c9575cd\"},\"headline\":\"\u00bfSabes qu\u00e9 pas\u00f3? Bolet\u00edn Semanal del 24 al 30 de abril\",\"datePublished\":\"2023-05-03T08:48:12+00:00\",\"dateModified\":\"2023-08-29T09:09:13+00:00\",\"mainEntityOfPage\":{\"@id\":\"https:\\\/\\\/fibgar.es\\\/en\\\/sabes-que-paso-boletin-semanal-del-24-al-30-de-abril\\\/\"},\"wordCount\":840,\"publisher\":{\"@id\":\"https:\\\/\\\/fibgar.es\\\/en\\\/#organization\"},\"image\":{\"@id\":\"https:\\\/\\\/fibgar.es\\\/en\\\/sabes-que-paso-boletin-semanal-del-24-al-30-de-abril\\\/#primaryimage\"},\"thumbnailUrl\":\"https:\\\/\\\/fibgar.es\\\/wp-content\\\/uploads\\\/2023\\\/05\\\/anti-slapp.jpg\",\"keywords\":[\"exhumaci\u00f3n\",\"ONU\",\"sequ\u00eda\",\"Sud\u00e1n\",\"Valle de Cuelgamuros\"],\"articleSection\":[\"Boletin de noticias\"],\"inLanguage\":\"en-US\"},{\"@type\":\"WebPage\",\"@id\":\"https:\\\/\\\/fibgar.es\\\/en\\\/sabes-que-paso-boletin-semanal-del-24-al-30-de-abril\\\/\",\"url\":\"https:\\\/\\\/fibgar.es\\\/en\\\/sabes-que-paso-boletin-semanal-del-24-al-30-de-abril\\\/\",\"name\":\"\u00bfSabes qu\u00e9 pas\u00f3? Bolet\u00edn Semanal del 24 al 30 de abril - FIBGAR\",\"isPartOf\":{\"@id\":\"https:\\\/\\\/fibgar.es\\\/en\\\/#website\"},\"primaryImageOfPage\":{\"@id\":\"https:\\\/\\\/fibgar.es\\\/en\\\/sabes-que-paso-boletin-semanal-del-24-al-30-de-abril\\\/#primaryimage\"},\"image\":{\"@id\":\"https:\\\/\\\/fibgar.es\\\/en\\\/sabes-que-paso-boletin-semanal-del-24-al-30-de-abril\\\/#primaryimage\"},\"thumbnailUrl\":\"https:\\\/\\\/fibgar.es\\\/wp-content\\\/uploads\\\/2023\\\/05\\\/anti-slapp.jpg\",\"datePublished\":\"2023-05-03T08:48:12+00:00\",\"dateModified\":\"2023-08-29T09:09:13+00:00\",\"description\":\"El lunes 24 se llev\u00f3 a cabo la exhumaci\u00f3n de los restos de Jos\u00e9 Antonio Primo de Rivera, cofundador de la Falange Espa\u00f1ola de las JONS, partido fascista y nacionalsocialista espa\u00f1ol. Fue fusilado por la Rep\u00fablica al comienzo de la Guerra Civil, en 1936, y desde entonces sus restos han sido trasladados varias veces, hasta ser ubicados en el Valle de Cuelgamuros, tambi\u00e9n conocido como el Valle de los Ca\u00eddos.\",\"breadcrumb\":{\"@id\":\"https:\\\/\\\/fibgar.es\\\/en\\\/sabes-que-paso-boletin-semanal-del-24-al-30-de-abril\\\/#breadcrumb\"},\"inLanguage\":\"en-US\",\"potentialAction\":[{\"@type\":\"ReadAction\",\"target\":[\"https:\\\/\\\/fibgar.es\\\/en\\\/sabes-que-paso-boletin-semanal-del-24-al-30-de-abril\\\/\"]}]},{\"@type\":\"ImageObject\",\"inLanguage\":\"en-US\",\"@id\":\"https:\\\/\\\/fibgar.es\\\/en\\\/sabes-que-paso-boletin-semanal-del-24-al-30-de-abril\\\/#primaryimage\",\"url\":\"https:\\\/\\\/fibgar.es\\\/wp-content\\\/uploads\\\/2023\\\/05\\\/anti-slapp.jpg\",\"contentUrl\":\"https:\\\/\\\/fibgar.es\\\/wp-content\\\/uploads\\\/2023\\\/05\\\/anti-slapp.jpg\",\"width\":1080,\"height\":500},{\"@type\":\"BreadcrumbList\",\"@id\":\"https:\\\/\\\/fibgar.es\\\/en\\\/sabes-que-paso-boletin-semanal-del-24-al-30-de-abril\\\/#breadcrumb\",\"itemListElement\":[{\"@type\":\"ListItem\",\"position\":1,\"name\":\"Home\",\"item\":\"https:\\\/\\\/fibgar.es\\\/en\\\/\"},{\"@type\":\"ListItem\",\"position\":2,\"name\":\"\u00bfSabes qu\u00e9 pas\u00f3? Bolet\u00edn Semanal del 24 al 30 de abril\"}]},{\"@type\":\"WebSite\",\"@id\":\"https:\\\/\\\/fibgar.es\\\/en\\\/#website\",\"url\":\"https:\\\/\\\/fibgar.es\\\/en\\\/\",\"name\":\"FIBGAR\",\"description\":\"Fundaci\u00f3n Internacional Baltasar Garz\u00f3n\",\"publisher\":{\"@id\":\"https:\\\/\\\/fibgar.es\\\/en\\\/#organization\"},\"alternateName\":\"FIBGAR\",\"potentialAction\":[{\"@type\":\"SearchAction\",\"target\":{\"@type\":\"EntryPoint\",\"urlTemplate\":\"https:\\\/\\\/fibgar.es\\\/en\\\/?s={search_term_string}\"},\"query-input\":{\"@type\":\"PropertyValueSpecification\",\"valueRequired\":true,\"valueName\":\"search_term_string\"}}],\"inLanguage\":\"en-US\"},{\"@type\":\"Organization\",\"@id\":\"https:\\\/\\\/fibgar.es\\\/en\\\/#organization\",\"name\":\"Fundaci\u00f3n Internacional Baltasar Garz\u00f3n\",\"alternateName\":\"FIBGAR\",\"url\":\"https:\\\/\\\/fibgar.es\\\/en\\\/\",\"logo\":{\"@type\":\"ImageObject\",\"inLanguage\":\"en-US\",\"@id\":\"https:\\\/\\\/fibgar.es\\\/en\\\/#\\\/schema\\\/logo\\\/image\\\/\",\"url\":\"https:\\\/\\\/fibgar.es\\\/wp-content\\\/uploads\\\/2020\\\/04\\\/cropped-fibgar-icono.jpeg\",\"contentUrl\":\"https:\\\/\\\/fibgar.es\\\/wp-content\\\/uploads\\\/2020\\\/04\\\/cropped-fibgar-icono.jpeg\",\"width\":512,\"height\":512,\"caption\":\"Fundaci\u00f3n Internacional Baltasar Garz\u00f3n\"},\"image\":{\"@id\":\"https:\\\/\\\/fibgar.es\\\/en\\\/#\\\/schema\\\/logo\\\/image\\\/\"},\"sameAs\":[\"https:\\\/\\\/www.facebook.com\\\/Fibgar\",\"https:\\\/\\\/x.com\\\/fibgar_\"]},{\"@type\":\"Person\",\"@id\":\"https:\\\/\\\/fibgar.es\\\/en\\\/#\\\/schema\\\/person\\\/c32d1ebcc1653b4a15f8ef621c9575cd\",\"name\":\"Fibgar\",\"sameAs\":[\"facebook.com\\\/Fibgar\",\"https:\\\/\\\/www.instagram.com\\\/fibgar__\\\/\",\"https:\\\/\\\/www.linkedin.com\\\/company\\\/fibgar\",\"https:\\\/\\\/x.com\\\/fibgar_\",\"https:\\\/\\\/www.youtube.com\\\/c\\\/FIBGARTV\\\/featured\"],\"url\":\"https:\\\/\\\/fibgar.es\\\/en\\\/author\\\/fibgarau\\\/\"}]}<\/script>\n<!-- \/ Yoast SEO plugin. -->","yoast_head_json":{"title":"\u00bfSabes qu\u00e9 pas\u00f3? Bolet\u00edn Semanal del 24 al 30 de abril - FIBGAR","description":"El lunes 24 se llev\u00f3 a cabo la exhumaci\u00f3n de los restos de Jos\u00e9 Antonio Primo de Rivera, cofundador de la Falange Espa\u00f1ola de las JONS, partido fascista y nacionalsocialista espa\u00f1ol. Fue fusilado por la Rep\u00fablica al comienzo de la Guerra Civil, en 1936, y desde entonces sus restos han sido trasladados varias veces, hasta ser ubicados en el Valle de Cuelgamuros, tambi\u00e9n conocido como el Valle de los Ca\u00eddos.","robots":{"index":"index","follow":"follow","max-snippet":"max-snippet:-1","max-image-preview":"max-image-preview:large","max-video-preview":"max-video-preview:-1"},"canonical":"https:\/\/fibgar.es\/en\/sabes-que-paso-boletin-semanal-del-24-al-30-de-abril\/","og_locale":"en_US","og_type":"article","og_title":"\u00bfSabes qu\u00e9 pas\u00f3? Bolet\u00edn Semanal del 24 al 30 de abril - FIBGAR","og_description":"El lunes 24 se llev\u00f3 a cabo la exhumaci\u00f3n de los restos de Jos\u00e9 Antonio Primo de Rivera, cofundador de la Falange Espa\u00f1ola de las JONS, partido fascista y nacionalsocialista espa\u00f1ol. Fue fusilado por la Rep\u00fablica al comienzo de la Guerra Civil, en 1936, y desde entonces sus restos han sido trasladados varias veces, hasta ser ubicados en el Valle de Cuelgamuros, tambi\u00e9n conocido como el Valle de los Ca\u00eddos.","og_url":"https:\/\/fibgar.es\/en\/sabes-que-paso-boletin-semanal-del-24-al-30-de-abril\/","og_site_name":"FIBGAR","article_publisher":"https:\/\/www.facebook.com\/Fibgar","article_author":"facebook.com\/Fibgar","article_published_time":"2023-05-03T08:48:12+00:00","article_modified_time":"2023-08-29T09:09:13+00:00","og_image":[{"width":1080,"height":500,"url":"https:\/\/fibgar.es\/wp-content\/uploads\/2023\/05\/anti-slapp.jpg","type":"image\/jpeg"}],"author":"Fibgar","twitter_card":"summary_large_image","twitter_creator":"@fibgar_","twitter_site":"@fibgar_","twitter_misc":{"Written by":"Fibgar","Est. reading time":"4 minutes"},"schema":{"@context":"https:\/\/schema.org","@graph":[{"@type":"Article","@id":"https:\/\/fibgar.es\/en\/sabes-que-paso-boletin-semanal-del-24-al-30-de-abril\/#article","isPartOf":{"@id":"https:\/\/fibgar.es\/en\/sabes-que-paso-boletin-semanal-del-24-al-30-de-abril\/"},"author":{"name":"Fibgar","@id":"https:\/\/fibgar.es\/en\/#\/schema\/person\/c32d1ebcc1653b4a15f8ef621c9575cd"},"headline":"\u00bfSabes qu\u00e9 pas\u00f3? Bolet\u00edn Semanal del 24 al 30 de abril","datePublished":"2023-05-03T08:48:12+00:00","dateModified":"2023-08-29T09:09:13+00:00","mainEntityOfPage":{"@id":"https:\/\/fibgar.es\/en\/sabes-que-paso-boletin-semanal-del-24-al-30-de-abril\/"},"wordCount":840,"publisher":{"@id":"https:\/\/fibgar.es\/en\/#organization"},"image":{"@id":"https:\/\/fibgar.es\/en\/sabes-que-paso-boletin-semanal-del-24-al-30-de-abril\/#primaryimage"},"thumbnailUrl":"https:\/\/fibgar.es\/wp-content\/uploads\/2023\/05\/anti-slapp.jpg","keywords":["exhumaci\u00f3n","ONU","sequ\u00eda","Sud\u00e1n","Valle de Cuelgamuros"],"articleSection":["Boletin de noticias"],"inLanguage":"en-US"},{"@type":"WebPage","@id":"https:\/\/fibgar.es\/en\/sabes-que-paso-boletin-semanal-del-24-al-30-de-abril\/","url":"https:\/\/fibgar.es\/en\/sabes-que-paso-boletin-semanal-del-24-al-30-de-abril\/","name":"\u00bfSabes qu\u00e9 pas\u00f3? Bolet\u00edn Semanal del 24 al 30 de abril - FIBGAR","isPartOf":{"@id":"https:\/\/fibgar.es\/en\/#website"},"primaryImageOfPage":{"@id":"https:\/\/fibgar.es\/en\/sabes-que-paso-boletin-semanal-del-24-al-30-de-abril\/#primaryimage"},"image":{"@id":"https:\/\/fibgar.es\/en\/sabes-que-paso-boletin-semanal-del-24-al-30-de-abril\/#primaryimage"},"thumbnailUrl":"https:\/\/fibgar.es\/wp-content\/uploads\/2023\/05\/anti-slapp.jpg","datePublished":"2023-05-03T08:48:12+00:00","dateModified":"2023-08-29T09:09:13+00:00","description":"El lunes 24 se llev\u00f3 a cabo la exhumaci\u00f3n de los restos de Jos\u00e9 Antonio Primo de Rivera, cofundador de la Falange Espa\u00f1ola de las JONS, partido fascista y nacionalsocialista espa\u00f1ol. Fue fusilado por la Rep\u00fablica al comienzo de la Guerra Civil, en 1936, y desde entonces sus restos han sido trasladados varias veces, hasta ser ubicados en el Valle de Cuelgamuros, tambi\u00e9n conocido como el Valle de los Ca\u00eddos.","breadcrumb":{"@id":"https:\/\/fibgar.es\/en\/sabes-que-paso-boletin-semanal-del-24-al-30-de-abril\/#breadcrumb"},"inLanguage":"en-US","potentialAction":[{"@type":"ReadAction","target":["https:\/\/fibgar.es\/en\/sabes-que-paso-boletin-semanal-del-24-al-30-de-abril\/"]}]},{"@type":"ImageObject","inLanguage":"en-US","@id":"https:\/\/fibgar.es\/en\/sabes-que-paso-boletin-semanal-del-24-al-30-de-abril\/#primaryimage","url":"https:\/\/fibgar.es\/wp-content\/uploads\/2023\/05\/anti-slapp.jpg","contentUrl":"https:\/\/fibgar.es\/wp-content\/uploads\/2023\/05\/anti-slapp.jpg","width":1080,"height":500},{"@type":"BreadcrumbList","@id":"https:\/\/fibgar.es\/en\/sabes-que-paso-boletin-semanal-del-24-al-30-de-abril\/#breadcrumb","itemListElement":[{"@type":"ListItem","position":1,"name":"Home","item":"https:\/\/fibgar.es\/en\/"},{"@type":"ListItem","position":2,"name":"\u00bfSabes qu\u00e9 pas\u00f3? Bolet\u00edn Semanal del 24 al 30 de abril"}]},{"@type":"WebSite","@id":"https:\/\/fibgar.es\/en\/#website","url":"https:\/\/fibgar.es\/en\/","name":"FIBGAR","description":"Fundaci\u00f3n Internacional Baltasar Garz\u00f3n","publisher":{"@id":"https:\/\/fibgar.es\/en\/#organization"},"alternateName":"FIBGAR","potentialAction":[{"@type":"SearchAction","target":{"@type":"EntryPoint","urlTemplate":"https:\/\/fibgar.es\/en\/?s={search_term_string}"},"query-input":{"@type":"PropertyValueSpecification","valueRequired":true,"valueName":"search_term_string"}}],"inLanguage":"en-US"},{"@type":"Organization","@id":"https:\/\/fibgar.es\/en\/#organization","name":"Fundaci\u00f3n Internacional Baltasar Garz\u00f3n","alternateName":"FIBGAR","url":"https:\/\/fibgar.es\/en\/","logo":{"@type":"ImageObject","inLanguage":"en-US","@id":"https:\/\/fibgar.es\/en\/#\/schema\/logo\/image\/","url":"https:\/\/fibgar.es\/wp-content\/uploads\/2020\/04\/cropped-fibgar-icono.jpeg","contentUrl":"https:\/\/fibgar.es\/wp-content\/uploads\/2020\/04\/cropped-fibgar-icono.jpeg","width":512,"height":512,"caption":"Fundaci\u00f3n Internacional Baltasar Garz\u00f3n"},"image":{"@id":"https:\/\/fibgar.es\/en\/#\/schema\/logo\/image\/"},"sameAs":["https:\/\/www.facebook.com\/Fibgar","https:\/\/x.com\/fibgar_"]},{"@type":"Person","@id":"https:\/\/fibgar.es\/en\/#\/schema\/person\/c32d1ebcc1653b4a15f8ef621c9575cd","name":"Fibgar","sameAs":["facebook.com\/Fibgar","https:\/\/www.instagram.com\/fibgar__\/","https:\/\/www.linkedin.com\/company\/fibgar","https:\/\/x.com\/fibgar_","https:\/\/www.youtube.com\/c\/FIBGARTV\/featured"],"url":"https:\/\/fibgar.es\/en\/author\/fibgarau\/"}]}},"_links":{"self":[{"href":"https:\/\/fibgar.es\/en\/wp-json\/wp\/v2\/posts\/22069","targetHints":{"allow":["GET"]}}],"collection":[{"href":"https:\/\/fibgar.es\/en\/wp-json\/wp\/v2\/posts"}],"about":[{"href":"https:\/\/fibgar.es\/en\/wp-json\/wp\/v2\/types\/post"}],"author":[{"embeddable":true,"href":"https:\/\/fibgar.es\/en\/wp-json\/wp\/v2\/users\/4"}],"replies":[{"embeddable":true,"href":"https:\/\/fibgar.es\/en\/wp-json\/wp\/v2\/comments?post=22069"}],"version-history":[{"count":1,"href":"https:\/\/fibgar.es\/en\/wp-json\/wp\/v2\/posts\/22069\/revisions"}],"predecessor-version":[{"id":22070,"href":"https:\/\/fibgar.es\/en\/wp-json\/wp\/v2\/posts\/22069\/revisions\/22070"}],"wp:featuredmedia":[{"embeddable":true,"href":"https:\/\/fibgar.es\/en\/wp-json\/wp\/v2\/media\/21751"}],"wp:attachment":[{"href":"https:\/\/fibgar.es\/en\/wp-json\/wp\/v2\/media?parent=22069"}],"wp:term":[{"taxonomy":"category","embeddable":true,"href":"https:\/\/fibgar.es\/en\/wp-json\/wp\/v2\/categories?post=22069"},{"taxonomy":"post_tag","embeddable":true,"href":"https:\/\/fibgar.es\/en\/wp-json\/wp\/v2\/tags?post=22069"}],"curies":[{"name":"wp","href":"https:\/\/api.w.org\/{rel}","templated":true}]}}