{"id":22075,"date":"2023-04-11T11:56:07","date_gmt":"2023-04-11T09:56:07","guid":{"rendered":"https:\/\/fibgar.es\/sabes-que-paso-boletin-semanal-del-3-al-9-de-abril\/"},"modified":"2023-08-29T11:11:59","modified_gmt":"2023-08-29T09:11:59","slug":"sabes-que-paso-boletin-semanal-del-3-al-9-de-abril","status":"publish","type":"post","link":"https:\/\/fibgar.es\/en\/sabes-que-paso-boletin-semanal-del-3-al-9-de-abril\/","title":{"rendered":"\u00bfSabes qu\u00e9 pas\u00f3? Bolet\u00edn Semanal del 3 al 9 de abril"},"content":{"rendered":"\n<p class=\"has-text-color\" style=\"color:#4a4a4a;font-style:normal;font-weight:500\"><strong>Expertos de la ONU concluyen que en Libia se han cometido cr\u00edmenes de guerra y contra la humanidad<\/strong><\/p>\n\n<p class=\"has-text-color\" style=\"color:#4a4a4a;font-style:normal;font-weight:500\">La <a href=\"https:\/\/www.ohchr.org\/es\/hr-bodies\/hrc\/libya\/index\"><strong>Misi\u00f3n de Investigaci\u00f3n Independiente sobre Libia<\/strong><\/a>, cumpliendo el mandato encomendado por el <strong>Consejo de Derechos Humanos de la ONU<\/strong> en su <a href=\"https:\/\/documents-dds-ny.un.org\/doc\/UNDOC\/GEN\/G20\/163\/65\/PDF\/G2016365.pdf?OpenElement\">resoluci\u00f3n 43\/39<\/a>, ha presentado su informe en el que se reportan indicios s\u00f3lidos de cr\u00edmenes internacionales.<\/p>\n\n<p class=\"has-text-color\" style=\"color:#4a4a4a;font-style:normal;font-weight:500\">La compleja situaci\u00f3n de pa\u00eds, inmerso desde 2014 en una <a href=\"https:\/\/www.descifrandolaguerra.es\/cobertura-libia-entrada\/\"><strong>guerra civil<\/strong><\/a>, as\u00ed como la radicalizaci\u00f3n de ambos bandos y la penetraci\u00f3n de <strong>grupos armados en los aparatos estatales, suponen un contexto que determina que se den vulneraciones de derechos desde m\u00faltiples dimensiones<\/strong> y que ha dificultado enormemente la labor de la misi\u00f3n, la cual se ha enfrentado a la nula colaboraci\u00f3n de las diferentes autoridades con las que ha tenido que establecer interlocuci\u00f3n.<\/p>\n\n<p class=\"has-text-color\" style=\"color:#4a4a4a;font-style:normal;font-weight:500\">En el \u00e1mbito de los <strong>derechos civiles y libertades pol\u00edticas<\/strong>, se ha experimentado graves ataques a la libertad de expresi\u00f3n, de asociaci\u00f3n y de reuni\u00f3n. En ese sentido, se reportaron torturas y detenciones arbitrarias contra ciudadanos tras expresar sus opiniones acerca de los derechos de la mujer o la diversidad sexual.<\/p>\n\n<p class=\"has-text-color\" style=\"color:#4a4a4a;font-style:normal;font-weight:500\">En el marco de los <strong>enfrentamientos armados<\/strong>, se han registrado m\u00faltiples actos constitutivos de cr\u00edmenes de guerra, como ejecuciones de civiles, profanaci\u00f3n de cad\u00e1veres, desapariciones forzadas o ataques contra infraestructuras civiles. Por a\u00f1adido, se han dado caso de ataques a misiones m\u00e9dicas y de obstaculizaci\u00f3n a la llegada de ayuda humanitaria.<\/p>\n\n<p class=\"has-text-color\" style=\"color:#4a4a4a;font-style:normal;font-weight:500\">Adem\u00e1s, Libia es pa\u00eds de tr\u00e1nsito para miles de <strong>migrantes<\/strong>, que son, de manera sistem\u00e1tica, v\u00edctimas de todo tipo de abusos y violencias, desde la privaci\u00f3n ilegal de libertad y el tr\u00e1fico de personas, hasta la tortura, violencia sexual o esclavitud. La institucionalizaci\u00f3n de estas pr\u00e1cticas queda ilustrada con la acreditada implicaci\u00f3n de funcionarios y mandos de organismos oficiales del Gobierno de Unidad Nacional, como la Direcci\u00f3n de Lucha contra la Migraci\u00f3n Ilegal o la Guardia Costera \u2013 entidades que, dicho sea de paso, reciben apoyo de la UE para la <a href=\"https:\/\/www.amnesty.org\/es\/latest\/press-release\/2020\/09\/libya-new-evidence-shows-refugees-and-migrants-trapped-in-horrific-cycle-of-abuses\/\">gesti\u00f3n de flujos migratorios<\/a>.<\/p>\n\n<p class=\"has-text-color\" style=\"color:#4a4a4a;font-style:normal;font-weight:500\">Puedes leer la noticia completa<a href=\"https:\/\/reliefweb.int\/report\/libya\/un-experts-find-war-crimes-crimes-against-humanity-libya-enar\"> aqu\u00ed<\/a>.<\/p>\n\n<p class=\"has-text-color\" style=\"color:#4a4a4a;font-style:normal;font-weight:500\"><strong>El Tribunal Especial para K\u00f3sovo de La Haya juzga al expresidente Hashim Tha\u00e7i<\/strong><\/p>\n\n<p class=\"has-text-color\" style=\"color:#4a4a4a;font-style:normal;font-weight:500\">Esta semana ha dado comienzo el juicio contra el expresidente kosovar y exguerrillero <strong>Hashim Tha\u00e7i<\/strong>, as\u00ed como otros tres miembros del <strong>Ej\u00e9rcito de Liberaci\u00f3n de Kosovo <\/strong>(ELK), acusados de cr\u00edmenes de guerra y cr\u00edmenes contra la humanidad, bas\u00e1ndose en actos de tortura, asesinato, encarcelamiento y desaparici\u00f3n forzada.<\/p>\n\n<p class=\"has-text-color\" style=\"color:#4a4a4a;font-style:normal;font-weight:500\">Este tribunal ad hoc, creado muchos a\u00f1os despu\u00e9s que el Tribunal Penal Internacional para la ex Yugoslavia y en un momento en el que ya exist\u00eda la Corte Penal Internacional tiene unas <strong>caracter\u00edsticas <\/strong>que lo hacen especialmente particular.<\/p>\n\n<p class=\"has-text-color\" style=\"color:#4a4a4a;font-style:normal;font-weight:500\">El <a href=\"https:\/\/www.scp-ks.org\/en\/background\"><strong>Tribunal Especial para Kosovo<\/strong><\/a> fue creado en 2015 a instancias de Estados Unidos y de la Uni\u00f3n Europea, tras la publicaci\u00f3n en 2011 de un <a href=\"http:\/\/semantic-pace.net\/tools\/pdf.aspx?doc=aHR0cDovL2Fzc2VtYmx5LmNvZS5pbnQvbncveG1sL1hSZWYvWDJILURXLWV4dHIuYXNwP2ZpbGVpZD0xMjYwOCZsYW5nPUVO&amp;xsl=aHR0cDovL3NlbWFudGljcGFjZS5uZXQvWHNsdC9QZGYvWFJlZi1XRC1BVC1YTUwyUERGLnhzbA==&amp;xsltparams=ZmlsZWlkPTEyNjA4\"><strong>informe<\/strong><\/a><strong> <\/strong>del Consejo de Europa, en el que se alud\u00eda a la participaci\u00f3n de altos mandos del ELK en <strong>presuntos cr\u00edmenes de guerra<\/strong> &#8211; destacando el tr\u00e1fico de \u00f3rganos de los prisioneros serbios. A la publicaci\u00f3n de este informe le sigui\u00f3 un proceso de dialogo entre la UE y Kosovo, que culmin\u00f3 en 2015 en la aprobaci\u00f3n por la Asamblea de Kosovo de la <strong>Ley de Salas Especializadas y Fiscal\u00eda Especializada<\/strong>. Por tanto, el tribunal, pese a juzgar cr\u00edmenes internacionales y basarse para ello en el derecho internacional, se adscribe dentro del Poder Judicial kosovar y del ordenamiento jur\u00eddico nacional \u2013 aunque est\u00e1 integrado por jueces internacionales y tiene su sede en la Haya. Una muestra m\u00e1s de esa naturaleza h\u00edbrida es que, pese a lo dicho, est\u00e1 integrado por jueces internacionales y tiene su sede en la Haya.<\/p>\n\n<p class=\"has-text-color\" style=\"color:#4a4a4a;font-style:normal;font-weight:500\">Puedes leer la noticia completa<a href=\"https:\/\/www.rtve.es\/noticias\/20230403\/expresidente-kosovo-se-declara-no-culpable-crimenes-guerra-lesa-humanidad\/2435528.shtml\"> aqu\u00ed<\/a>.<\/p>\n\n<p class=\"has-text-color\" style=\"color:#4a4a4a;font-style:normal;font-weight:500\"><strong>El Gobierno aprueba el Proyecto de Ley Org\u00e1nica del Derecho de Defensa<\/strong><\/p>\n\n<p class=\"has-text-color\" style=\"color:#4a4a4a;font-style:normal;font-weight:500\">Esta normar\u00eda supondr\u00eda el desarrollo legislativo del <strong>derecho fundamental a la tutela judicial efectiva<\/strong>, reconocido en el art\u00edculo 24 de la Constituci\u00f3n Espa\u00f1ola: <em>\u201cTodas las personas tienen derecho a obtener la tutela efectiva de los jueces y tribunales en el ejercicio de sus derechos e intereses leg\u00edtimos, sin que, en ning\u00fan caso, pueda producirse indefensi\u00f3n\u201d.<\/em><\/p>\n\n<p class=\"has-text-color\" style=\"color:#4a4a4a;font-style:normal;font-weight:500\">El n\u00facleo de este derecho garantiza que todo ciudadano pueda <strong>ejercitar la defensa de sus intereses leg\u00edtimos ante la Justicia y pretende evitar situaciones de indefensi\u00f3n<\/strong>.<\/p>\n\n<p class=\"has-text-color\" style=\"color:#4a4a4a;font-style:normal;font-weight:500\">El contenido de la ley se articula en torno a una serie de ejes, teniendo como objetivo consolidar y concretar el contenido del derecho de defensa, las garant\u00edas procesales del mismo, especialmente en el contexto de causas penales, as\u00ed como las garant\u00edas y deberes de la asistencia jur\u00eddica letrada y el marco institucional de esta.<\/p>\n\n<p class=\"has-text-color\" style=\"color:#4a4a4a;font-style:normal;font-weight:500\">Dicho desarrollo pondr\u00eda a Espa\u00f1a en una posici\u00f3n pionera en la materia, puesto que en ning\u00fan ordenamiento jur\u00eddico de Estados miembro de la UE se puede encontrar una ley an\u00e1loga.<\/p>\n\n<p class=\"has-text-color\" style=\"color:#4a4a4a;font-style:normal;font-weight:500\">Puedes leer la noticia completa <a href=\"https:\/\/noticias.juridicas.com\/actualidad\/noticias\/17889-el-gobierno-aprueba-el-proyecto-de-ley-organica-del-derecho-de-defensa\/\">aqu\u00ed<\/a>.<\/p>\n\n<p class=\"has-text-color\" style=\"color:#4a4a4a;font-style:normal;font-weight:500\"><\/p>\n\n<p class=\"has-text-color\" style=\"color:#4a4a4a;font-style:normal;font-weight:500\">Madrid, 11 de abril de 2023<\/p>\n","protected":false},"excerpt":{"rendered":"<p>Expertos de la ONU concluyen que en Libia se han cometido cr\u00edmenes de guerra y contra la humanidad La Misi\u00f3n de Investigaci\u00f3n Independiente sobre Libia, cumpliendo el mandato encomendado por el Consejo de Derechos Humanos de la ONU en su resoluci\u00f3n 43\/39, ha presentado su informe en el que se reportan indicios s\u00f3lidos de cr\u00edmenes&#8230;<\/p>\n","protected":false},"author":4,"featured_media":21742,"comment_status":"closed","ping_status":"closed","sticky":false,"template":"","format":"standard","meta":{"footnotes":""},"categories":[600],"tags":[662,629,663,661,660,659,588],"class_list":["post-22075","post","type-post","status-publish","format-standard","has-post-thumbnail","hentry","category-boletin-de-noticias-en","tag-constitucion-espanola-en","tag-crimenes-de-guerra-en","tag-derecho-de-defensa-en","tag-hashim-thaci-en","tag-kosovo-en","tag-libia-en","tag-onu-en"],"yoast_head":"<!-- This site is optimized with the Yoast SEO plugin v27.4 - https:\/\/yoast.com\/product\/yoast-seo-wordpress\/ -->\n<title>\u00bfSabes qu\u00e9 pas\u00f3? Bolet\u00edn Semanal del 3 al 9 de abril - FIBGAR<\/title>\n<meta name=\"description\" content=\"La Misi\u00f3n de Investigaci\u00f3n Independiente sobre Libia, cumpliendo el mandato encomendado por el Consejo de Derechos Humanos de la ONU en su resoluci\u00f3n 43\/39, ha presentado su informe en el que se reportan indicios s\u00f3lidos de cr\u00edmenes internacionales.\" \/>\n<meta name=\"robots\" content=\"index, follow, max-snippet:-1, max-image-preview:large, max-video-preview:-1\" \/>\n<link rel=\"canonical\" href=\"https:\/\/fibgar.es\/en\/sabes-que-paso-boletin-semanal-del-3-al-9-de-abril\/\" \/>\n<meta property=\"og:locale\" content=\"en_US\" \/>\n<meta property=\"og:type\" content=\"article\" \/>\n<meta property=\"og:title\" content=\"\u00bfSabes qu\u00e9 pas\u00f3? Bolet\u00edn Semanal del 3 al 9 de abril - FIBGAR\" \/>\n<meta property=\"og:description\" content=\"La Misi\u00f3n de Investigaci\u00f3n Independiente sobre Libia, cumpliendo el mandato encomendado por el Consejo de Derechos Humanos de la ONU en su resoluci\u00f3n 43\/39, ha presentado su informe en el que se reportan indicios s\u00f3lidos de cr\u00edmenes internacionales.\" \/>\n<meta property=\"og:url\" content=\"https:\/\/fibgar.es\/en\/sabes-que-paso-boletin-semanal-del-3-al-9-de-abril\/\" \/>\n<meta property=\"og:site_name\" content=\"FIBGAR\" \/>\n<meta property=\"article:publisher\" content=\"https:\/\/www.facebook.com\/Fibgar\" \/>\n<meta property=\"article:author\" content=\"facebook.com\/Fibgar\" \/>\n<meta property=\"article:published_time\" content=\"2023-04-11T09:56:07+00:00\" \/>\n<meta property=\"article:modified_time\" content=\"2023-08-29T09:11:59+00:00\" \/>\n<meta property=\"og:image\" content=\"https:\/\/fibgar.es\/wp-content\/uploads\/2023\/04\/BOLETIN-3.jpg\" \/>\n\t<meta property=\"og:image:width\" content=\"1080\" \/>\n\t<meta property=\"og:image:height\" content=\"500\" \/>\n\t<meta property=\"og:image:type\" content=\"image\/jpeg\" \/>\n<meta name=\"author\" content=\"Fibgar\" \/>\n<meta name=\"twitter:card\" content=\"summary_large_image\" \/>\n<meta name=\"twitter:creator\" content=\"@fibgar_\" \/>\n<meta name=\"twitter:site\" content=\"@fibgar_\" \/>\n<meta name=\"twitter:label1\" content=\"Written by\" \/>\n\t<meta name=\"twitter:data1\" content=\"Fibgar\" \/>\n\t<meta name=\"twitter:label2\" content=\"Est. reading time\" \/>\n\t<meta name=\"twitter:data2\" content=\"4 minutes\" \/>\n<script type=\"application\/ld+json\" class=\"yoast-schema-graph\">{\"@context\":\"https:\\\/\\\/schema.org\",\"@graph\":[{\"@type\":\"Article\",\"@id\":\"https:\\\/\\\/fibgar.es\\\/en\\\/sabes-que-paso-boletin-semanal-del-3-al-9-de-abril\\\/#article\",\"isPartOf\":{\"@id\":\"https:\\\/\\\/fibgar.es\\\/en\\\/sabes-que-paso-boletin-semanal-del-3-al-9-de-abril\\\/\"},\"author\":{\"name\":\"Fibgar\",\"@id\":\"https:\\\/\\\/fibgar.es\\\/en\\\/#\\\/schema\\\/person\\\/c32d1ebcc1653b4a15f8ef621c9575cd\"},\"headline\":\"\u00bfSabes qu\u00e9 pas\u00f3? Bolet\u00edn Semanal del 3 al 9 de abril\",\"datePublished\":\"2023-04-11T09:56:07+00:00\",\"dateModified\":\"2023-08-29T09:11:59+00:00\",\"mainEntityOfPage\":{\"@id\":\"https:\\\/\\\/fibgar.es\\\/en\\\/sabes-que-paso-boletin-semanal-del-3-al-9-de-abril\\\/\"},\"wordCount\":877,\"publisher\":{\"@id\":\"https:\\\/\\\/fibgar.es\\\/en\\\/#organization\"},\"image\":{\"@id\":\"https:\\\/\\\/fibgar.es\\\/en\\\/sabes-que-paso-boletin-semanal-del-3-al-9-de-abril\\\/#primaryimage\"},\"thumbnailUrl\":\"https:\\\/\\\/fibgar.es\\\/wp-content\\\/uploads\\\/2023\\\/04\\\/BOLETIN-3.jpg\",\"keywords\":[\"Constituci\u00f3n Espa\u00f1ola\",\"cr\u00edmenes de guerra\",\"Derecho de Defensa\",\"Hashim Tha\u00e7i\",\"Kosovo\",\"Libia\",\"ONU\"],\"articleSection\":[\"Boletin de noticias\"],\"inLanguage\":\"en-US\"},{\"@type\":\"WebPage\",\"@id\":\"https:\\\/\\\/fibgar.es\\\/en\\\/sabes-que-paso-boletin-semanal-del-3-al-9-de-abril\\\/\",\"url\":\"https:\\\/\\\/fibgar.es\\\/en\\\/sabes-que-paso-boletin-semanal-del-3-al-9-de-abril\\\/\",\"name\":\"\u00bfSabes qu\u00e9 pas\u00f3? Bolet\u00edn Semanal del 3 al 9 de abril - FIBGAR\",\"isPartOf\":{\"@id\":\"https:\\\/\\\/fibgar.es\\\/en\\\/#website\"},\"primaryImageOfPage\":{\"@id\":\"https:\\\/\\\/fibgar.es\\\/en\\\/sabes-que-paso-boletin-semanal-del-3-al-9-de-abril\\\/#primaryimage\"},\"image\":{\"@id\":\"https:\\\/\\\/fibgar.es\\\/en\\\/sabes-que-paso-boletin-semanal-del-3-al-9-de-abril\\\/#primaryimage\"},\"thumbnailUrl\":\"https:\\\/\\\/fibgar.es\\\/wp-content\\\/uploads\\\/2023\\\/04\\\/BOLETIN-3.jpg\",\"datePublished\":\"2023-04-11T09:56:07+00:00\",\"dateModified\":\"2023-08-29T09:11:59+00:00\",\"description\":\"La Misi\u00f3n de Investigaci\u00f3n Independiente sobre Libia, cumpliendo el mandato encomendado por el Consejo de Derechos Humanos de la ONU en su resoluci\u00f3n 43\\\/39, ha presentado su informe en el que se reportan indicios s\u00f3lidos de cr\u00edmenes internacionales.\",\"breadcrumb\":{\"@id\":\"https:\\\/\\\/fibgar.es\\\/en\\\/sabes-que-paso-boletin-semanal-del-3-al-9-de-abril\\\/#breadcrumb\"},\"inLanguage\":\"en-US\",\"potentialAction\":[{\"@type\":\"ReadAction\",\"target\":[\"https:\\\/\\\/fibgar.es\\\/en\\\/sabes-que-paso-boletin-semanal-del-3-al-9-de-abril\\\/\"]}]},{\"@type\":\"ImageObject\",\"inLanguage\":\"en-US\",\"@id\":\"https:\\\/\\\/fibgar.es\\\/en\\\/sabes-que-paso-boletin-semanal-del-3-al-9-de-abril\\\/#primaryimage\",\"url\":\"https:\\\/\\\/fibgar.es\\\/wp-content\\\/uploads\\\/2023\\\/04\\\/BOLETIN-3.jpg\",\"contentUrl\":\"https:\\\/\\\/fibgar.es\\\/wp-content\\\/uploads\\\/2023\\\/04\\\/BOLETIN-3.jpg\",\"width\":1080,\"height\":500},{\"@type\":\"BreadcrumbList\",\"@id\":\"https:\\\/\\\/fibgar.es\\\/en\\\/sabes-que-paso-boletin-semanal-del-3-al-9-de-abril\\\/#breadcrumb\",\"itemListElement\":[{\"@type\":\"ListItem\",\"position\":1,\"name\":\"Home\",\"item\":\"https:\\\/\\\/fibgar.es\\\/en\\\/\"},{\"@type\":\"ListItem\",\"position\":2,\"name\":\"\u00bfSabes qu\u00e9 pas\u00f3? Bolet\u00edn Semanal del 3 al 9 de abril\"}]},{\"@type\":\"WebSite\",\"@id\":\"https:\\\/\\\/fibgar.es\\\/en\\\/#website\",\"url\":\"https:\\\/\\\/fibgar.es\\\/en\\\/\",\"name\":\"FIBGAR\",\"description\":\"Fundaci\u00f3n Internacional Baltasar Garz\u00f3n\",\"publisher\":{\"@id\":\"https:\\\/\\\/fibgar.es\\\/en\\\/#organization\"},\"alternateName\":\"FIBGAR\",\"potentialAction\":[{\"@type\":\"SearchAction\",\"target\":{\"@type\":\"EntryPoint\",\"urlTemplate\":\"https:\\\/\\\/fibgar.es\\\/en\\\/?s={search_term_string}\"},\"query-input\":{\"@type\":\"PropertyValueSpecification\",\"valueRequired\":true,\"valueName\":\"search_term_string\"}}],\"inLanguage\":\"en-US\"},{\"@type\":\"Organization\",\"@id\":\"https:\\\/\\\/fibgar.es\\\/en\\\/#organization\",\"name\":\"Fundaci\u00f3n Internacional Baltasar Garz\u00f3n\",\"alternateName\":\"FIBGAR\",\"url\":\"https:\\\/\\\/fibgar.es\\\/en\\\/\",\"logo\":{\"@type\":\"ImageObject\",\"inLanguage\":\"en-US\",\"@id\":\"https:\\\/\\\/fibgar.es\\\/en\\\/#\\\/schema\\\/logo\\\/image\\\/\",\"url\":\"https:\\\/\\\/fibgar.es\\\/wp-content\\\/uploads\\\/2020\\\/04\\\/cropped-fibgar-icono.jpeg\",\"contentUrl\":\"https:\\\/\\\/fibgar.es\\\/wp-content\\\/uploads\\\/2020\\\/04\\\/cropped-fibgar-icono.jpeg\",\"width\":512,\"height\":512,\"caption\":\"Fundaci\u00f3n Internacional Baltasar Garz\u00f3n\"},\"image\":{\"@id\":\"https:\\\/\\\/fibgar.es\\\/en\\\/#\\\/schema\\\/logo\\\/image\\\/\"},\"sameAs\":[\"https:\\\/\\\/www.facebook.com\\\/Fibgar\",\"https:\\\/\\\/x.com\\\/fibgar_\"]},{\"@type\":\"Person\",\"@id\":\"https:\\\/\\\/fibgar.es\\\/en\\\/#\\\/schema\\\/person\\\/c32d1ebcc1653b4a15f8ef621c9575cd\",\"name\":\"Fibgar\",\"sameAs\":[\"facebook.com\\\/Fibgar\",\"https:\\\/\\\/www.instagram.com\\\/fibgar__\\\/\",\"https:\\\/\\\/www.linkedin.com\\\/company\\\/fibgar\",\"https:\\\/\\\/x.com\\\/fibgar_\",\"https:\\\/\\\/www.youtube.com\\\/c\\\/FIBGARTV\\\/featured\"],\"url\":\"https:\\\/\\\/fibgar.es\\\/en\\\/author\\\/fibgarau\\\/\"}]}<\/script>\n<!-- \/ Yoast SEO plugin. -->","yoast_head_json":{"title":"\u00bfSabes qu\u00e9 pas\u00f3? Bolet\u00edn Semanal del 3 al 9 de abril - FIBGAR","description":"La Misi\u00f3n de Investigaci\u00f3n Independiente sobre Libia, cumpliendo el mandato encomendado por el Consejo de Derechos Humanos de la ONU en su resoluci\u00f3n 43\/39, ha presentado su informe en el que se reportan indicios s\u00f3lidos de cr\u00edmenes internacionales.","robots":{"index":"index","follow":"follow","max-snippet":"max-snippet:-1","max-image-preview":"max-image-preview:large","max-video-preview":"max-video-preview:-1"},"canonical":"https:\/\/fibgar.es\/en\/sabes-que-paso-boletin-semanal-del-3-al-9-de-abril\/","og_locale":"en_US","og_type":"article","og_title":"\u00bfSabes qu\u00e9 pas\u00f3? Bolet\u00edn Semanal del 3 al 9 de abril - FIBGAR","og_description":"La Misi\u00f3n de Investigaci\u00f3n Independiente sobre Libia, cumpliendo el mandato encomendado por el Consejo de Derechos Humanos de la ONU en su resoluci\u00f3n 43\/39, ha presentado su informe en el que se reportan indicios s\u00f3lidos de cr\u00edmenes internacionales.","og_url":"https:\/\/fibgar.es\/en\/sabes-que-paso-boletin-semanal-del-3-al-9-de-abril\/","og_site_name":"FIBGAR","article_publisher":"https:\/\/www.facebook.com\/Fibgar","article_author":"facebook.com\/Fibgar","article_published_time":"2023-04-11T09:56:07+00:00","article_modified_time":"2023-08-29T09:11:59+00:00","og_image":[{"width":1080,"height":500,"url":"https:\/\/fibgar.es\/wp-content\/uploads\/2023\/04\/BOLETIN-3.jpg","type":"image\/jpeg"}],"author":"Fibgar","twitter_card":"summary_large_image","twitter_creator":"@fibgar_","twitter_site":"@fibgar_","twitter_misc":{"Written by":"Fibgar","Est. reading time":"4 minutes"},"schema":{"@context":"https:\/\/schema.org","@graph":[{"@type":"Article","@id":"https:\/\/fibgar.es\/en\/sabes-que-paso-boletin-semanal-del-3-al-9-de-abril\/#article","isPartOf":{"@id":"https:\/\/fibgar.es\/en\/sabes-que-paso-boletin-semanal-del-3-al-9-de-abril\/"},"author":{"name":"Fibgar","@id":"https:\/\/fibgar.es\/en\/#\/schema\/person\/c32d1ebcc1653b4a15f8ef621c9575cd"},"headline":"\u00bfSabes qu\u00e9 pas\u00f3? Bolet\u00edn Semanal del 3 al 9 de abril","datePublished":"2023-04-11T09:56:07+00:00","dateModified":"2023-08-29T09:11:59+00:00","mainEntityOfPage":{"@id":"https:\/\/fibgar.es\/en\/sabes-que-paso-boletin-semanal-del-3-al-9-de-abril\/"},"wordCount":877,"publisher":{"@id":"https:\/\/fibgar.es\/en\/#organization"},"image":{"@id":"https:\/\/fibgar.es\/en\/sabes-que-paso-boletin-semanal-del-3-al-9-de-abril\/#primaryimage"},"thumbnailUrl":"https:\/\/fibgar.es\/wp-content\/uploads\/2023\/04\/BOLETIN-3.jpg","keywords":["Constituci\u00f3n Espa\u00f1ola","cr\u00edmenes de guerra","Derecho de Defensa","Hashim Tha\u00e7i","Kosovo","Libia","ONU"],"articleSection":["Boletin de noticias"],"inLanguage":"en-US"},{"@type":"WebPage","@id":"https:\/\/fibgar.es\/en\/sabes-que-paso-boletin-semanal-del-3-al-9-de-abril\/","url":"https:\/\/fibgar.es\/en\/sabes-que-paso-boletin-semanal-del-3-al-9-de-abril\/","name":"\u00bfSabes qu\u00e9 pas\u00f3? Bolet\u00edn Semanal del 3 al 9 de abril - FIBGAR","isPartOf":{"@id":"https:\/\/fibgar.es\/en\/#website"},"primaryImageOfPage":{"@id":"https:\/\/fibgar.es\/en\/sabes-que-paso-boletin-semanal-del-3-al-9-de-abril\/#primaryimage"},"image":{"@id":"https:\/\/fibgar.es\/en\/sabes-que-paso-boletin-semanal-del-3-al-9-de-abril\/#primaryimage"},"thumbnailUrl":"https:\/\/fibgar.es\/wp-content\/uploads\/2023\/04\/BOLETIN-3.jpg","datePublished":"2023-04-11T09:56:07+00:00","dateModified":"2023-08-29T09:11:59+00:00","description":"La Misi\u00f3n de Investigaci\u00f3n Independiente sobre Libia, cumpliendo el mandato encomendado por el Consejo de Derechos Humanos de la ONU en su resoluci\u00f3n 43\/39, ha presentado su informe en el que se reportan indicios s\u00f3lidos de cr\u00edmenes internacionales.","breadcrumb":{"@id":"https:\/\/fibgar.es\/en\/sabes-que-paso-boletin-semanal-del-3-al-9-de-abril\/#breadcrumb"},"inLanguage":"en-US","potentialAction":[{"@type":"ReadAction","target":["https:\/\/fibgar.es\/en\/sabes-que-paso-boletin-semanal-del-3-al-9-de-abril\/"]}]},{"@type":"ImageObject","inLanguage":"en-US","@id":"https:\/\/fibgar.es\/en\/sabes-que-paso-boletin-semanal-del-3-al-9-de-abril\/#primaryimage","url":"https:\/\/fibgar.es\/wp-content\/uploads\/2023\/04\/BOLETIN-3.jpg","contentUrl":"https:\/\/fibgar.es\/wp-content\/uploads\/2023\/04\/BOLETIN-3.jpg","width":1080,"height":500},{"@type":"BreadcrumbList","@id":"https:\/\/fibgar.es\/en\/sabes-que-paso-boletin-semanal-del-3-al-9-de-abril\/#breadcrumb","itemListElement":[{"@type":"ListItem","position":1,"name":"Home","item":"https:\/\/fibgar.es\/en\/"},{"@type":"ListItem","position":2,"name":"\u00bfSabes qu\u00e9 pas\u00f3? Bolet\u00edn Semanal del 3 al 9 de abril"}]},{"@type":"WebSite","@id":"https:\/\/fibgar.es\/en\/#website","url":"https:\/\/fibgar.es\/en\/","name":"FIBGAR","description":"Fundaci\u00f3n Internacional Baltasar Garz\u00f3n","publisher":{"@id":"https:\/\/fibgar.es\/en\/#organization"},"alternateName":"FIBGAR","potentialAction":[{"@type":"SearchAction","target":{"@type":"EntryPoint","urlTemplate":"https:\/\/fibgar.es\/en\/?s={search_term_string}"},"query-input":{"@type":"PropertyValueSpecification","valueRequired":true,"valueName":"search_term_string"}}],"inLanguage":"en-US"},{"@type":"Organization","@id":"https:\/\/fibgar.es\/en\/#organization","name":"Fundaci\u00f3n Internacional Baltasar Garz\u00f3n","alternateName":"FIBGAR","url":"https:\/\/fibgar.es\/en\/","logo":{"@type":"ImageObject","inLanguage":"en-US","@id":"https:\/\/fibgar.es\/en\/#\/schema\/logo\/image\/","url":"https:\/\/fibgar.es\/wp-content\/uploads\/2020\/04\/cropped-fibgar-icono.jpeg","contentUrl":"https:\/\/fibgar.es\/wp-content\/uploads\/2020\/04\/cropped-fibgar-icono.jpeg","width":512,"height":512,"caption":"Fundaci\u00f3n Internacional Baltasar Garz\u00f3n"},"image":{"@id":"https:\/\/fibgar.es\/en\/#\/schema\/logo\/image\/"},"sameAs":["https:\/\/www.facebook.com\/Fibgar","https:\/\/x.com\/fibgar_"]},{"@type":"Person","@id":"https:\/\/fibgar.es\/en\/#\/schema\/person\/c32d1ebcc1653b4a15f8ef621c9575cd","name":"Fibgar","sameAs":["facebook.com\/Fibgar","https:\/\/www.instagram.com\/fibgar__\/","https:\/\/www.linkedin.com\/company\/fibgar","https:\/\/x.com\/fibgar_","https:\/\/www.youtube.com\/c\/FIBGARTV\/featured"],"url":"https:\/\/fibgar.es\/en\/author\/fibgarau\/"}]}},"_links":{"self":[{"href":"https:\/\/fibgar.es\/en\/wp-json\/wp\/v2\/posts\/22075","targetHints":{"allow":["GET"]}}],"collection":[{"href":"https:\/\/fibgar.es\/en\/wp-json\/wp\/v2\/posts"}],"about":[{"href":"https:\/\/fibgar.es\/en\/wp-json\/wp\/v2\/types\/post"}],"author":[{"embeddable":true,"href":"https:\/\/fibgar.es\/en\/wp-json\/wp\/v2\/users\/4"}],"replies":[{"embeddable":true,"href":"https:\/\/fibgar.es\/en\/wp-json\/wp\/v2\/comments?post=22075"}],"version-history":[{"count":1,"href":"https:\/\/fibgar.es\/en\/wp-json\/wp\/v2\/posts\/22075\/revisions"}],"predecessor-version":[{"id":22076,"href":"https:\/\/fibgar.es\/en\/wp-json\/wp\/v2\/posts\/22075\/revisions\/22076"}],"wp:featuredmedia":[{"embeddable":true,"href":"https:\/\/fibgar.es\/en\/wp-json\/wp\/v2\/media\/21742"}],"wp:attachment":[{"href":"https:\/\/fibgar.es\/en\/wp-json\/wp\/v2\/media?parent=22075"}],"wp:term":[{"taxonomy":"category","embeddable":true,"href":"https:\/\/fibgar.es\/en\/wp-json\/wp\/v2\/categories?post=22075"},{"taxonomy":"post_tag","embeddable":true,"href":"https:\/\/fibgar.es\/en\/wp-json\/wp\/v2\/tags?post=22075"}],"curies":[{"name":"wp","href":"https:\/\/api.w.org\/{rel}","templated":true}]}}