{"id":22093,"date":"2023-02-27T10:30:57","date_gmt":"2023-02-27T09:30:57","guid":{"rendered":"https:\/\/fibgar.es\/sabes-que-paso-boletin-del-20-al-26-de-febrero\/"},"modified":"2023-08-29T11:17:48","modified_gmt":"2023-08-29T09:17:48","slug":"sabes-que-paso-boletin-del-20-al-26-de-febrero","status":"publish","type":"post","link":"https:\/\/fibgar.es\/en\/sabes-que-paso-boletin-del-20-al-26-de-febrero\/","title":{"rendered":"\u00bfSabes qu\u00e9 pas\u00f3? Bolet\u00edn del 20 al 26 de febrero"},"content":{"rendered":"\n<p class=\"has-text-color\" style=\"color:#4a4a4a;font-style:normal;font-weight:500\"><strong>El Parlamento Europeo reclama m\u00e1s reformas y un \u00f3rgano independiente para cuestiones de \u00e9tica frente a las sospechas de corrupci\u00f3n<\/strong>.<\/p>\n\n<p class=\"has-text-color\" style=\"color:#4a4a4a;font-style:normal;font-weight:500\">El pasado jueves 16 de febrero el Parlamento Europeo aprob\u00f3 dos resoluciones sobre transparencia e integridad en el proceso de toma de decisiones en el seno de la Uni\u00f3n Europea tras la existencia de sospechas de corrupci\u00f3n. <\/p>\n\n<p class=\"has-text-color\" style=\"color:#4a4a4a;font-style:normal;font-weight:500\">Los eurodiputados han recordado que tendr\u00e1n \u201ctolerancia cero ante toda forma de corrupci\u00f3n a cualquier nivel\u201d. Para ello, han planteado una serie de reformas entre las que se encuentran la mejora en la aplicaci\u00f3n <a href=\"https:\/\/www.europarl.europa.eu\/meps\/es\/about\/meps\">del C\u00f3digo de Conducta<\/a> de los eurodiputados, de forma que se les impondr\u00e1n sanciones pecuniarias disuasorias en el caso de que cometan una infracci\u00f3n contraria al C\u00f3digo.<\/p>\n\n<p class=\"has-text-color\" style=\"color:#4a4a4a;font-style:normal;font-weight:500\">De igual forma, otra de las medidas que adoptar\u00e1n ser\u00e1 la obligaci\u00f3n de los eurodiputados de declarar su patrimonio tanto al principio como al final de su mandato, y cualquier viaje que realicen con financiaci\u00f3n de terceros pa\u00edses deber\u00e1 ser aprobado previamente.<\/p>\n\n<p class=\"has-text-color\" style=\"color:#4a4a4a;font-style:normal;font-weight:500\">Por su parte, dado que el Parlamento europeo corrobor\u00f3 que las ONG fueron \u201csupuestamente utilizadas como vectores de injerencias extranjeras\u201d, las organizaciones que reciban dinero de terceros, aunque no est\u00e9n obligadas a inscribirse en el <a href=\"https:\/\/ec.europa.eu\/transparencyregister\/public\/homePage.do\">Registro de Transparencia<\/a>, deben declarar el origen de su financiaci\u00f3n. Si no proceden de este modo, se le negar\u00e1 cualquier ayuda monetaria procedente de la Uni\u00f3n Europea.<\/p>\n\n<p class=\"has-text-color\" style=\"color:#4a4a4a;font-style:normal;font-weight:500\">Tras las sospechas de corrupci\u00f3n y con el objetivo de recuperar la confianza de los ciudadanos europeos en las instituciones de la Uni\u00f3n, el Parlamento insiste en crear un <a href=\"https:\/\/www.europarl.europa.eu\/news\/es\/press-room\/20210910IPR11931\/parliament-calls-for-eu-independent-ethics-body\">\u00f3rgano independiente<\/a> que deber\u00e1 dilucidar entre lo que supone un acto delictivo, una infracci\u00f3n de las normas institucional o un comportamiento \u00e9ticamente reprochable. Las negociaciones sobre este nuevo \u00f3rgano deber\u00e1n concluir antes del verano.<\/p>\n\n<p class=\"has-text-color\" style=\"color:#4a4a4a;font-style:normal;font-weight:500\"><strong>Espa\u00f1a aprueba, fuerza de plazo, la ley de protecci\u00f3n de alertadores<\/strong>.<\/p>\n\n<p class=\"has-text-color\" style=\"color:#4a4a4a;font-style:normal;font-weight:500\">El jueves 16 de febrero el Congreso de los Diputados aprob\u00f3 la ley definitiva sobre la protecci\u00f3n de alertadores, que entrar\u00e1 en vigor el pr\u00f3ximo 13 de marzo. La ley ha sido aprobada con un apoyo mayoritario de la C\u00e1mara, aunque con la oposici\u00f3n del Partido Popular y de Vox.<\/p>\n\n<p class=\"has-text-color\" style=\"color:#4a4a4a;font-style:normal;font-weight:500\">Esta nueva ley traslada lo recogido en la directiva europea <a href=\"https:\/\/www.boe.es\/doue\/2019\/305\/L00017-00056.pdf\">2019\/1937<\/a> relativa a la protecci\u00f3n de las personas que informen sobre infracciones del Derecho de la Uni\u00f3n. El plazo para su transposici\u00f3n termin\u00f3 el 17 de diciembre de 2022. Dos meses despu\u00e9s, y pasado tan solo d\u00eda desde que la Comisi\u00f3n Europea decidiera llevar a Espa\u00f1a ante el Tribunal de Justicia por su retraso en la transposici\u00f3n de la Directiva citada, el Congreso de los Diputados aprob\u00f3 la nueva ley que impone sanciones de hasta un mill\u00f3n de euros a aquellos que intenten silenciar las voces cr\u00edticas de los alertadores.<\/p>\n\n<p class=\"has-text-color\" style=\"color:#4a4a4a;font-style:normal;font-weight:500\">Con la nueva norma se exige la obligaci\u00f3n de que las empresas con m\u00e1s de 50 trabajadores, sindicatos, partidos pol\u00edticos, universidades y todas las corporaciones p\u00fablicas, as\u00ed como los \u00f3rganos constitucionales, implementen sistemas internos de recepci\u00f3n de denuncias de corrupci\u00f3n.<\/p>\n\n<p class=\"has-text-color\" style=\"color:#4a4a4a;font-style:normal;font-weight:500\"><strong>Nueve eurodiputadas viajan a Espa\u00f1a para analizar las pol\u00edticas de cuidado y dependencia y lucha contra la trata<\/strong>.<\/p>\n\n<p class=\"has-text-color\" style=\"color:#4a4a4a;font-style:normal;font-weight:500\">Desde el lunes 20 al mi\u00e9rcoles 22 de febrero nueve eurodiputadas encabezadas por <a href=\"https:\/\/www.europarl.europa.eu\/meps\/es\/96791\/ELZBIETA+KATARZYNA_LUKACIJEWSKA\/home\" target=\"_blank\" rel=\"noreferrer noopener\">El\u017cbieta Katarzyna \u0141ukacijewska<\/a> pertenecientes a la Comisi\u00f3n de los Derechos de la Mujer e Igualdad de G\u00e9nero viajaron a Espa\u00f1a para conocer las pol\u00edticas de cuidado y las relativas a la lucha contra la violencia sexual y contra la trata. Igualmente, debido a los diferentes enfrentamientos que ha provocado la ley del <a href=\"https:\/\/www.boe.es\/buscar\/act.php?id=BOE-A-2022-14630\">\u201csolo s\u00ed es s\u00ed\u201d<\/a>, las eurodiputadas han dejado algunas reflexiones al respecto.<\/p>\n\n<p class=\"has-text-color\" style=\"color:#4a4a4a;font-style:normal;font-weight:500\">Durante su estancia se han reunido con los ministerios de Igualdad y Justicia, con la Secretar\u00eda de Estado de Asuntos Sociales, o con la Fiscal de la Sala de Violencia contra la Mujer, Teresa Peramato. Su reuni\u00f3n con la Fiscal les ha permitido debatir acerca de los desaf\u00edos del marco legal para combatir la violencia contra la mujer.<\/p>\n\n<p class=\"has-text-color\" style=\"color:#4a4a4a;font-style:normal;font-weight:500\">De igual forma, la Comisi\u00f3n se ha reunido con representantes de la sociedad civil, diferentes organizaciones y sindicatos para hablar de los derechos de las mujeres, as\u00ed como con la comunidad de personas con discapacidad y mujeres migrantes para centrarse en la ley de cuidados y dependencia.<\/p>\n\n<p class=\"has-text-color\" style=\"color:#4a4a4a;font-style:normal;font-weight:500\">En cuando a la ley del \u201csolo s\u00ed es s\u00ed\u201d la presidenta de la misi\u00f3n ha dejado claro que \u201cel papel del Parlamento Europeo no es el de solucionar, resolver o ejercer presi\u00f3n en relaci\u00f3n a esta ley, simplemente mostramos nuestra esperanza derivada de todas nuestras reuniones, de que se logre en Espa\u00f1a una buena soluci\u00f3n para los posibles problemas que se han se\u00f1alado desde los medios de comunicaci\u00f3n y a trav\u00e9s de la sociedad en Espa\u00f1a\u201d. Aun as\u00ed, El\u017cbieta afirm\u00f3 que confiaba en que se llegase a un consenso pol\u00edtico para reformar la ley.<\/p>\n\n<p class=\"has-text-color\" style=\"color:#4a4a4a;font-style:normal;font-weight:500\">Madrid, 27 de febrero de 2023.<\/p>\n","protected":false},"excerpt":{"rendered":"<p>El Parlamento Europeo reclama m\u00e1s reformas y un \u00f3rgano independiente para cuestiones de \u00e9tica frente a las sospechas de corrupci\u00f3n. El pasado jueves 16 de febrero el Parlamento Europeo aprob\u00f3 dos resoluciones sobre transparencia e integridad en el proceso de toma de decisiones en el seno de la Uni\u00f3n Europea tras la existencia de sospechas&#8230;<\/p>\n","protected":false},"author":4,"featured_media":21713,"comment_status":"closed","ping_status":"closed","sticky":false,"template":"","format":"standard","meta":{"footnotes":""},"categories":[600],"tags":[672,674,626,673],"class_list":["post-22093","post","type-post","status-publish","format-standard","has-post-thumbnail","hentry","category-boletin-de-noticias-en","tag-alertadores-en","tag-corrupcion-en-2","tag-igualdad-en","tag-whistleblower-en"],"yoast_head":"<!-- This site is optimized with the Yoast SEO plugin v27.4 - https:\/\/yoast.com\/product\/yoast-seo-wordpress\/ -->\n<title>\u00bfSabes qu\u00e9 pas\u00f3? Bolet\u00edn del 20 al 26 de febrero - FIBGAR<\/title>\n<meta name=\"description\" content=\"El Parlamento Europeo reclama m\u00e1s reformas y un \u00f3rgano independiente para cuestiones de \u00e9tica frente a las sospechas de corrupci\u00f3n. El pasado jueves 16 de febrero el Parlamento Europeo aprob\u00f3 dos resoluciones sobre transparencia e integridad en el proceso de toma de decisiones en el seno de la Uni\u00f3n Europea tras la existencia de sospechas de corrupci\u00f3n.\" \/>\n<meta name=\"robots\" content=\"index, follow, max-snippet:-1, max-image-preview:large, max-video-preview:-1\" \/>\n<link rel=\"canonical\" href=\"https:\/\/fibgar.es\/en\/sabes-que-paso-boletin-del-20-al-26-de-febrero\/\" \/>\n<meta property=\"og:locale\" content=\"en_US\" \/>\n<meta property=\"og:type\" content=\"article\" \/>\n<meta property=\"og:title\" content=\"\u00bfSabes qu\u00e9 pas\u00f3? Bolet\u00edn del 20 al 26 de febrero - FIBGAR\" \/>\n<meta property=\"og:description\" content=\"El Parlamento Europeo reclama m\u00e1s reformas y un \u00f3rgano independiente para cuestiones de \u00e9tica frente a las sospechas de corrupci\u00f3n. El pasado jueves 16 de febrero el Parlamento Europeo aprob\u00f3 dos resoluciones sobre transparencia e integridad en el proceso de toma de decisiones en el seno de la Uni\u00f3n Europea tras la existencia de sospechas de corrupci\u00f3n.\" \/>\n<meta property=\"og:url\" content=\"https:\/\/fibgar.es\/en\/sabes-que-paso-boletin-del-20-al-26-de-febrero\/\" \/>\n<meta property=\"og:site_name\" content=\"FIBGAR\" \/>\n<meta property=\"article:publisher\" content=\"https:\/\/www.facebook.com\/Fibgar\" \/>\n<meta property=\"article:author\" content=\"facebook.com\/Fibgar\" \/>\n<meta property=\"article:published_time\" content=\"2023-02-27T09:30:57+00:00\" \/>\n<meta property=\"article:modified_time\" content=\"2023-08-29T09:17:48+00:00\" \/>\n<meta property=\"og:image\" content=\"https:\/\/fibgar.es\/wp-content\/uploads\/2023\/02\/BOLETIN-3-e1677490243776.png\" \/>\n\t<meta property=\"og:image:width\" content=\"500\" \/>\n\t<meta property=\"og:image:height\" content=\"281\" \/>\n\t<meta property=\"og:image:type\" content=\"image\/png\" \/>\n<meta name=\"author\" content=\"Fibgar\" \/>\n<meta name=\"twitter:card\" content=\"summary_large_image\" \/>\n<meta name=\"twitter:creator\" content=\"@fibgar_\" \/>\n<meta name=\"twitter:site\" content=\"@fibgar_\" \/>\n<meta name=\"twitter:label1\" content=\"Written by\" \/>\n\t<meta name=\"twitter:data1\" content=\"Fibgar\" \/>\n\t<meta name=\"twitter:label2\" content=\"Est. reading time\" \/>\n\t<meta name=\"twitter:data2\" content=\"4 minutes\" \/>\n<script type=\"application\/ld+json\" class=\"yoast-schema-graph\">{\"@context\":\"https:\\\/\\\/schema.org\",\"@graph\":[{\"@type\":\"Article\",\"@id\":\"https:\\\/\\\/fibgar.es\\\/en\\\/sabes-que-paso-boletin-del-20-al-26-de-febrero\\\/#article\",\"isPartOf\":{\"@id\":\"https:\\\/\\\/fibgar.es\\\/en\\\/sabes-que-paso-boletin-del-20-al-26-de-febrero\\\/\"},\"author\":{\"name\":\"Fibgar\",\"@id\":\"https:\\\/\\\/fibgar.es\\\/en\\\/#\\\/schema\\\/person\\\/c32d1ebcc1653b4a15f8ef621c9575cd\"},\"headline\":\"\u00bfSabes qu\u00e9 pas\u00f3? Bolet\u00edn del 20 al 26 de febrero\",\"datePublished\":\"2023-02-27T09:30:57+00:00\",\"dateModified\":\"2023-08-29T09:17:48+00:00\",\"mainEntityOfPage\":{\"@id\":\"https:\\\/\\\/fibgar.es\\\/en\\\/sabes-que-paso-boletin-del-20-al-26-de-febrero\\\/\"},\"wordCount\":852,\"publisher\":{\"@id\":\"https:\\\/\\\/fibgar.es\\\/en\\\/#organization\"},\"image\":{\"@id\":\"https:\\\/\\\/fibgar.es\\\/en\\\/sabes-que-paso-boletin-del-20-al-26-de-febrero\\\/#primaryimage\"},\"thumbnailUrl\":\"https:\\\/\\\/fibgar.es\\\/wp-content\\\/uploads\\\/2023\\\/02\\\/BOLETIN-3-e1677490243776.png\",\"keywords\":[\"alertadores\",\"corrupcion\",\"igualdad\",\"whistleblower\"],\"articleSection\":[\"Boletin de noticias\"],\"inLanguage\":\"en-US\"},{\"@type\":\"WebPage\",\"@id\":\"https:\\\/\\\/fibgar.es\\\/en\\\/sabes-que-paso-boletin-del-20-al-26-de-febrero\\\/\",\"url\":\"https:\\\/\\\/fibgar.es\\\/en\\\/sabes-que-paso-boletin-del-20-al-26-de-febrero\\\/\",\"name\":\"\u00bfSabes qu\u00e9 pas\u00f3? Bolet\u00edn del 20 al 26 de febrero - FIBGAR\",\"isPartOf\":{\"@id\":\"https:\\\/\\\/fibgar.es\\\/en\\\/#website\"},\"primaryImageOfPage\":{\"@id\":\"https:\\\/\\\/fibgar.es\\\/en\\\/sabes-que-paso-boletin-del-20-al-26-de-febrero\\\/#primaryimage\"},\"image\":{\"@id\":\"https:\\\/\\\/fibgar.es\\\/en\\\/sabes-que-paso-boletin-del-20-al-26-de-febrero\\\/#primaryimage\"},\"thumbnailUrl\":\"https:\\\/\\\/fibgar.es\\\/wp-content\\\/uploads\\\/2023\\\/02\\\/BOLETIN-3-e1677490243776.png\",\"datePublished\":\"2023-02-27T09:30:57+00:00\",\"dateModified\":\"2023-08-29T09:17:48+00:00\",\"description\":\"El Parlamento Europeo reclama m\u00e1s reformas y un \u00f3rgano independiente para cuestiones de \u00e9tica frente a las sospechas de corrupci\u00f3n. El pasado jueves 16 de febrero el Parlamento Europeo aprob\u00f3 dos resoluciones sobre transparencia e integridad en el proceso de toma de decisiones en el seno de la Uni\u00f3n Europea tras la existencia de sospechas de corrupci\u00f3n.\",\"breadcrumb\":{\"@id\":\"https:\\\/\\\/fibgar.es\\\/en\\\/sabes-que-paso-boletin-del-20-al-26-de-febrero\\\/#breadcrumb\"},\"inLanguage\":\"en-US\",\"potentialAction\":[{\"@type\":\"ReadAction\",\"target\":[\"https:\\\/\\\/fibgar.es\\\/en\\\/sabes-que-paso-boletin-del-20-al-26-de-febrero\\\/\"]}]},{\"@type\":\"ImageObject\",\"inLanguage\":\"en-US\",\"@id\":\"https:\\\/\\\/fibgar.es\\\/en\\\/sabes-que-paso-boletin-del-20-al-26-de-febrero\\\/#primaryimage\",\"url\":\"https:\\\/\\\/fibgar.es\\\/wp-content\\\/uploads\\\/2023\\\/02\\\/BOLETIN-3-e1677490243776.png\",\"contentUrl\":\"https:\\\/\\\/fibgar.es\\\/wp-content\\\/uploads\\\/2023\\\/02\\\/BOLETIN-3-e1677490243776.png\",\"width\":500,\"height\":281},{\"@type\":\"BreadcrumbList\",\"@id\":\"https:\\\/\\\/fibgar.es\\\/en\\\/sabes-que-paso-boletin-del-20-al-26-de-febrero\\\/#breadcrumb\",\"itemListElement\":[{\"@type\":\"ListItem\",\"position\":1,\"name\":\"Home\",\"item\":\"https:\\\/\\\/fibgar.es\\\/en\\\/\"},{\"@type\":\"ListItem\",\"position\":2,\"name\":\"\u00bfSabes qu\u00e9 pas\u00f3? Bolet\u00edn del 20 al 26 de febrero\"}]},{\"@type\":\"WebSite\",\"@id\":\"https:\\\/\\\/fibgar.es\\\/en\\\/#website\",\"url\":\"https:\\\/\\\/fibgar.es\\\/en\\\/\",\"name\":\"FIBGAR\",\"description\":\"Fundaci\u00f3n Internacional Baltasar Garz\u00f3n\",\"publisher\":{\"@id\":\"https:\\\/\\\/fibgar.es\\\/en\\\/#organization\"},\"alternateName\":\"FIBGAR\",\"potentialAction\":[{\"@type\":\"SearchAction\",\"target\":{\"@type\":\"EntryPoint\",\"urlTemplate\":\"https:\\\/\\\/fibgar.es\\\/en\\\/?s={search_term_string}\"},\"query-input\":{\"@type\":\"PropertyValueSpecification\",\"valueRequired\":true,\"valueName\":\"search_term_string\"}}],\"inLanguage\":\"en-US\"},{\"@type\":\"Organization\",\"@id\":\"https:\\\/\\\/fibgar.es\\\/en\\\/#organization\",\"name\":\"Fundaci\u00f3n Internacional Baltasar Garz\u00f3n\",\"alternateName\":\"FIBGAR\",\"url\":\"https:\\\/\\\/fibgar.es\\\/en\\\/\",\"logo\":{\"@type\":\"ImageObject\",\"inLanguage\":\"en-US\",\"@id\":\"https:\\\/\\\/fibgar.es\\\/en\\\/#\\\/schema\\\/logo\\\/image\\\/\",\"url\":\"https:\\\/\\\/fibgar.es\\\/wp-content\\\/uploads\\\/2020\\\/04\\\/cropped-fibgar-icono.jpeg\",\"contentUrl\":\"https:\\\/\\\/fibgar.es\\\/wp-content\\\/uploads\\\/2020\\\/04\\\/cropped-fibgar-icono.jpeg\",\"width\":512,\"height\":512,\"caption\":\"Fundaci\u00f3n Internacional Baltasar Garz\u00f3n\"},\"image\":{\"@id\":\"https:\\\/\\\/fibgar.es\\\/en\\\/#\\\/schema\\\/logo\\\/image\\\/\"},\"sameAs\":[\"https:\\\/\\\/www.facebook.com\\\/Fibgar\",\"https:\\\/\\\/x.com\\\/fibgar_\"]},{\"@type\":\"Person\",\"@id\":\"https:\\\/\\\/fibgar.es\\\/en\\\/#\\\/schema\\\/person\\\/c32d1ebcc1653b4a15f8ef621c9575cd\",\"name\":\"Fibgar\",\"sameAs\":[\"facebook.com\\\/Fibgar\",\"https:\\\/\\\/www.instagram.com\\\/fibgar__\\\/\",\"https:\\\/\\\/www.linkedin.com\\\/company\\\/fibgar\",\"https:\\\/\\\/x.com\\\/fibgar_\",\"https:\\\/\\\/www.youtube.com\\\/c\\\/FIBGARTV\\\/featured\"],\"url\":\"https:\\\/\\\/fibgar.es\\\/en\\\/author\\\/fibgarau\\\/\"}]}<\/script>\n<!-- \/ Yoast SEO plugin. -->","yoast_head_json":{"title":"\u00bfSabes qu\u00e9 pas\u00f3? Bolet\u00edn del 20 al 26 de febrero - FIBGAR","description":"El Parlamento Europeo reclama m\u00e1s reformas y un \u00f3rgano independiente para cuestiones de \u00e9tica frente a las sospechas de corrupci\u00f3n. El pasado jueves 16 de febrero el Parlamento Europeo aprob\u00f3 dos resoluciones sobre transparencia e integridad en el proceso de toma de decisiones en el seno de la Uni\u00f3n Europea tras la existencia de sospechas de corrupci\u00f3n.","robots":{"index":"index","follow":"follow","max-snippet":"max-snippet:-1","max-image-preview":"max-image-preview:large","max-video-preview":"max-video-preview:-1"},"canonical":"https:\/\/fibgar.es\/en\/sabes-que-paso-boletin-del-20-al-26-de-febrero\/","og_locale":"en_US","og_type":"article","og_title":"\u00bfSabes qu\u00e9 pas\u00f3? Bolet\u00edn del 20 al 26 de febrero - FIBGAR","og_description":"El Parlamento Europeo reclama m\u00e1s reformas y un \u00f3rgano independiente para cuestiones de \u00e9tica frente a las sospechas de corrupci\u00f3n. El pasado jueves 16 de febrero el Parlamento Europeo aprob\u00f3 dos resoluciones sobre transparencia e integridad en el proceso de toma de decisiones en el seno de la Uni\u00f3n Europea tras la existencia de sospechas de corrupci\u00f3n.","og_url":"https:\/\/fibgar.es\/en\/sabes-que-paso-boletin-del-20-al-26-de-febrero\/","og_site_name":"FIBGAR","article_publisher":"https:\/\/www.facebook.com\/Fibgar","article_author":"facebook.com\/Fibgar","article_published_time":"2023-02-27T09:30:57+00:00","article_modified_time":"2023-08-29T09:17:48+00:00","og_image":[{"width":500,"height":281,"url":"https:\/\/fibgar.es\/wp-content\/uploads\/2023\/02\/BOLETIN-3-e1677490243776.png","type":"image\/png"}],"author":"Fibgar","twitter_card":"summary_large_image","twitter_creator":"@fibgar_","twitter_site":"@fibgar_","twitter_misc":{"Written by":"Fibgar","Est. reading time":"4 minutes"},"schema":{"@context":"https:\/\/schema.org","@graph":[{"@type":"Article","@id":"https:\/\/fibgar.es\/en\/sabes-que-paso-boletin-del-20-al-26-de-febrero\/#article","isPartOf":{"@id":"https:\/\/fibgar.es\/en\/sabes-que-paso-boletin-del-20-al-26-de-febrero\/"},"author":{"name":"Fibgar","@id":"https:\/\/fibgar.es\/en\/#\/schema\/person\/c32d1ebcc1653b4a15f8ef621c9575cd"},"headline":"\u00bfSabes qu\u00e9 pas\u00f3? Bolet\u00edn del 20 al 26 de febrero","datePublished":"2023-02-27T09:30:57+00:00","dateModified":"2023-08-29T09:17:48+00:00","mainEntityOfPage":{"@id":"https:\/\/fibgar.es\/en\/sabes-que-paso-boletin-del-20-al-26-de-febrero\/"},"wordCount":852,"publisher":{"@id":"https:\/\/fibgar.es\/en\/#organization"},"image":{"@id":"https:\/\/fibgar.es\/en\/sabes-que-paso-boletin-del-20-al-26-de-febrero\/#primaryimage"},"thumbnailUrl":"https:\/\/fibgar.es\/wp-content\/uploads\/2023\/02\/BOLETIN-3-e1677490243776.png","keywords":["alertadores","corrupcion","igualdad","whistleblower"],"articleSection":["Boletin de noticias"],"inLanguage":"en-US"},{"@type":"WebPage","@id":"https:\/\/fibgar.es\/en\/sabes-que-paso-boletin-del-20-al-26-de-febrero\/","url":"https:\/\/fibgar.es\/en\/sabes-que-paso-boletin-del-20-al-26-de-febrero\/","name":"\u00bfSabes qu\u00e9 pas\u00f3? Bolet\u00edn del 20 al 26 de febrero - FIBGAR","isPartOf":{"@id":"https:\/\/fibgar.es\/en\/#website"},"primaryImageOfPage":{"@id":"https:\/\/fibgar.es\/en\/sabes-que-paso-boletin-del-20-al-26-de-febrero\/#primaryimage"},"image":{"@id":"https:\/\/fibgar.es\/en\/sabes-que-paso-boletin-del-20-al-26-de-febrero\/#primaryimage"},"thumbnailUrl":"https:\/\/fibgar.es\/wp-content\/uploads\/2023\/02\/BOLETIN-3-e1677490243776.png","datePublished":"2023-02-27T09:30:57+00:00","dateModified":"2023-08-29T09:17:48+00:00","description":"El Parlamento Europeo reclama m\u00e1s reformas y un \u00f3rgano independiente para cuestiones de \u00e9tica frente a las sospechas de corrupci\u00f3n. El pasado jueves 16 de febrero el Parlamento Europeo aprob\u00f3 dos resoluciones sobre transparencia e integridad en el proceso de toma de decisiones en el seno de la Uni\u00f3n Europea tras la existencia de sospechas de corrupci\u00f3n.","breadcrumb":{"@id":"https:\/\/fibgar.es\/en\/sabes-que-paso-boletin-del-20-al-26-de-febrero\/#breadcrumb"},"inLanguage":"en-US","potentialAction":[{"@type":"ReadAction","target":["https:\/\/fibgar.es\/en\/sabes-que-paso-boletin-del-20-al-26-de-febrero\/"]}]},{"@type":"ImageObject","inLanguage":"en-US","@id":"https:\/\/fibgar.es\/en\/sabes-que-paso-boletin-del-20-al-26-de-febrero\/#primaryimage","url":"https:\/\/fibgar.es\/wp-content\/uploads\/2023\/02\/BOLETIN-3-e1677490243776.png","contentUrl":"https:\/\/fibgar.es\/wp-content\/uploads\/2023\/02\/BOLETIN-3-e1677490243776.png","width":500,"height":281},{"@type":"BreadcrumbList","@id":"https:\/\/fibgar.es\/en\/sabes-que-paso-boletin-del-20-al-26-de-febrero\/#breadcrumb","itemListElement":[{"@type":"ListItem","position":1,"name":"Home","item":"https:\/\/fibgar.es\/en\/"},{"@type":"ListItem","position":2,"name":"\u00bfSabes qu\u00e9 pas\u00f3? Bolet\u00edn del 20 al 26 de febrero"}]},{"@type":"WebSite","@id":"https:\/\/fibgar.es\/en\/#website","url":"https:\/\/fibgar.es\/en\/","name":"FIBGAR","description":"Fundaci\u00f3n Internacional Baltasar Garz\u00f3n","publisher":{"@id":"https:\/\/fibgar.es\/en\/#organization"},"alternateName":"FIBGAR","potentialAction":[{"@type":"SearchAction","target":{"@type":"EntryPoint","urlTemplate":"https:\/\/fibgar.es\/en\/?s={search_term_string}"},"query-input":{"@type":"PropertyValueSpecification","valueRequired":true,"valueName":"search_term_string"}}],"inLanguage":"en-US"},{"@type":"Organization","@id":"https:\/\/fibgar.es\/en\/#organization","name":"Fundaci\u00f3n Internacional Baltasar Garz\u00f3n","alternateName":"FIBGAR","url":"https:\/\/fibgar.es\/en\/","logo":{"@type":"ImageObject","inLanguage":"en-US","@id":"https:\/\/fibgar.es\/en\/#\/schema\/logo\/image\/","url":"https:\/\/fibgar.es\/wp-content\/uploads\/2020\/04\/cropped-fibgar-icono.jpeg","contentUrl":"https:\/\/fibgar.es\/wp-content\/uploads\/2020\/04\/cropped-fibgar-icono.jpeg","width":512,"height":512,"caption":"Fundaci\u00f3n Internacional Baltasar Garz\u00f3n"},"image":{"@id":"https:\/\/fibgar.es\/en\/#\/schema\/logo\/image\/"},"sameAs":["https:\/\/www.facebook.com\/Fibgar","https:\/\/x.com\/fibgar_"]},{"@type":"Person","@id":"https:\/\/fibgar.es\/en\/#\/schema\/person\/c32d1ebcc1653b4a15f8ef621c9575cd","name":"Fibgar","sameAs":["facebook.com\/Fibgar","https:\/\/www.instagram.com\/fibgar__\/","https:\/\/www.linkedin.com\/company\/fibgar","https:\/\/x.com\/fibgar_","https:\/\/www.youtube.com\/c\/FIBGARTV\/featured"],"url":"https:\/\/fibgar.es\/en\/author\/fibgarau\/"}]}},"_links":{"self":[{"href":"https:\/\/fibgar.es\/en\/wp-json\/wp\/v2\/posts\/22093","targetHints":{"allow":["GET"]}}],"collection":[{"href":"https:\/\/fibgar.es\/en\/wp-json\/wp\/v2\/posts"}],"about":[{"href":"https:\/\/fibgar.es\/en\/wp-json\/wp\/v2\/types\/post"}],"author":[{"embeddable":true,"href":"https:\/\/fibgar.es\/en\/wp-json\/wp\/v2\/users\/4"}],"replies":[{"embeddable":true,"href":"https:\/\/fibgar.es\/en\/wp-json\/wp\/v2\/comments?post=22093"}],"version-history":[{"count":1,"href":"https:\/\/fibgar.es\/en\/wp-json\/wp\/v2\/posts\/22093\/revisions"}],"predecessor-version":[{"id":22094,"href":"https:\/\/fibgar.es\/en\/wp-json\/wp\/v2\/posts\/22093\/revisions\/22094"}],"wp:featuredmedia":[{"embeddable":true,"href":"https:\/\/fibgar.es\/en\/wp-json\/wp\/v2\/media\/21713"}],"wp:attachment":[{"href":"https:\/\/fibgar.es\/en\/wp-json\/wp\/v2\/media?parent=22093"}],"wp:term":[{"taxonomy":"category","embeddable":true,"href":"https:\/\/fibgar.es\/en\/wp-json\/wp\/v2\/categories?post=22093"},{"taxonomy":"post_tag","embeddable":true,"href":"https:\/\/fibgar.es\/en\/wp-json\/wp\/v2\/tags?post=22093"}],"curies":[{"name":"wp","href":"https:\/\/api.w.org\/{rel}","templated":true}]}}