{"id":22121,"date":"2023-06-23T10:11:09","date_gmt":"2023-06-23T08:11:09","guid":{"rendered":"https:\/\/fibgar.es\/la-proteccion-de-los-alertadores-en-europa-avances-y-retrocesos\/"},"modified":"2024-04-08T11:38:14","modified_gmt":"2024-04-08T09:38:14","slug":"la-proteccion-de-los-alertadores-en-europa-avances-y-retrocesos","status":"publish","type":"post","link":"https:\/\/fibgar.es\/en\/la-proteccion-de-los-alertadores-en-europa-avances-y-retrocesos\/","title":{"rendered":"The protection of whistleblowers in Europe: progress and setbacks\u00a0"},"content":{"rendered":"\n<p class=\"has-text-color has-link-color wp-elements-4e78bd392aa91e2daa2a26c11eef9692\" style=\"color:#4a4a4a\">Faced with an increase in cases of whistleblowers reporting wrongdoing within companies and public institutions, the European Union (hereinafter, the Union or the EU, indistinctly) was under pressure to establish a policy to protect whistleblowers, which eventually crystallized in <a href=\"https:\/\/eur-lex.europa.eu\/legal-content\/ES\/TXT\/HTML\/?uri=CELEX:32019L1937\" target=\"_blank\" rel=\"noreferrer noopener\"><strong>Directive (EU) 2019\/1937<\/strong><\/a><strong> of 2019<\/strong> <strong>on the protection of persons who report breaches of Union law<\/strong> (hereinafter, the Directive). Consequently, the Directive aimed to <strong>introduce secure communication channels<\/strong>, as well as clear <strong>procedures <\/strong>for reporting infringements, to avoid <strong>any form of retaliation against whistleblowers<\/strong>. Furthermore, the Directive was conceived as a <strong>legal instrument that allowed for a positive impact on transparency, integrity and accountability<\/strong>.&nbsp;<\/p>\n\n\n\n<p class=\"has-text-color has-link-color wp-elements-ab8066a4f75c06d387e80e6e2afb6be8\" style=\"color:#4a4a4a\">Now that the deadline, and the extension thereof, for the Member States to transpose the Directive into their respective legal systems has expired, the <strong>European Parliamentary Research Service<\/strong>, in a recent article notes that there are <strong>two essential problems<\/strong> in relation to the Directive, on the one hand, in <strong>terms of the protection of Human Rights<\/strong> (hereinafter, HR) and, also, in <strong>terms of the transposition of the legal text<\/strong> itself.&nbsp;<\/p>\n\n\n\n<p class=\"has-text-color has-link-color wp-elements-fa859dd11c8fdf94e27eb28ad2c2fd5a\" style=\"color:#4a4a4a\">The divergences in the field of human rights arise, within the framework of the Directive, in relation to the <a href=\"https:\/\/eur-lex.europa.eu\/legal-content\/ES\/TXT\/HTML\/?uri=CELEX:12016P\/TXT\" target=\"_blank\" rel=\"noreferrer noopener\">Charter of Fundamental Rights of the European Union<\/a> and the <a href=\"https:\/\/www.echr.coe.int\/documents\/convention_eng.pdf\" target=\"_blank\" rel=\"noreferrer noopener\">European Convention on Human Rights<\/a>, the latter being the body of law that the European Court of Human Rights (hereinafter, ECtHR) must interpret when ruling on disputes brought before it. Thus, although according to the interpretation of the aforementioned legal texts, the Directive protects the fundamental right to freedom of expression, there are <strong>numerous differences between the Directive itself and the case law<\/strong> of the ECtHR on <em>whistleblowers<\/em>.&nbsp;<\/p>\n\n\n\n<p class=\"has-text-color has-link-color wp-elements-562193dc2ef389c5b34e75910a49f19e\" style=\"color:#4a4a4a\">The first essential difference lies in the material scope of protection, as the <strong>Directive only protects parties who report a breach of European law<\/strong>.&nbsp;<\/p>\n\n\n\n<p class=\"has-text-color has-link-color wp-elements-620cb303991f41c6603573192a182951\" style=\"color:#4a4a4a\">Even so, the case law of the ECtHR, which has evolved over time, has established <strong>six criteria that determine under what conditions the protection of the right to freedom of expression<\/strong>, enshrined in Article 10 of the <a href=\"https:\/\/www.echr.coe.int\/documents\/convention_spa.pdf\" target=\"_blank\" rel=\"noreferrer noopener\">European Convention on Human Rights<\/a> (hereinafter, the Convention or ECHR indistinctly), applies to whistleblowers. Specifically, the aforementioned criteria established in the case <a href=\"https:\/\/hudoc.echr.coe.int\/eng#%7B%22appno%22:%5B%2214277\/04%22%5D,%22itemid%22:%5B%22001-85016%22%5D%7D\" target=\"_blank\" rel=\"noreferrer noopener\">Guja v. Moldovia (2008)<\/a> <strong>(i)<\/strong> whether the whistleblower had alternative channels to inform before making it public, <strong>(ii) <\/strong>whether the information disclosed is of public interest, <strong>(iii)<\/strong> whether a preliminary check was made on the authenticity of the information disclosed, <strong>(iv)<\/strong> what damage was caused to the employer as a result of the disclosure, <strong>(v)<\/strong> whether the whistleblower acted in good faith; and <strong>(vi) <\/strong>whether the sanction imposed (on the employer) was proportionate.&nbsp;<\/p>\n\n\n\n<p class=\"has-text-color has-link-color wp-elements-5fc546157d7b0a7274c5d036757ceb49\" style=\"color:#4a4a4a\">Although, as noted above, the case law of the European Court of Human Rights on the protection of whistleblowers has evolved until reaching a recent judgment, <a href=\"https:\/\/hudoc.echr.coe.int\/eng#%7B%22itemid%22:%5B%22001-223259%22%5D%7D\" target=\"_blank\" rel=\"noreferrer noopener\">Halet v. Luxembourg (2023)<\/a> in the &#8216;Luxleaks&#8217; case, handed down by the Grand Chamber of the High Court, which <strong>establishes the doctrine in relation to the public interest test<\/strong>. Luxembourg (2023) in the framework of the &#8216;Luxleaks&#8217; case, handed down by the Grand Chamber of the High Court, which establishes doctrine in relation to the public interest test insofar as it determines, on the one hand, that <strong>it is not necessary for the information disclosed to be essential, new and previously unknown<\/strong>; and, also, that within the framework of a democracy, the notion of public interest covers <strong>(i)<\/strong> unlawful acts, <strong>(ii)<\/strong> conduct which, although lawful, may be reprehensible, and <strong>(iii)<\/strong> matters affecting the functioning of the public authorities and which give rise to debate in society.&nbsp;<\/p>\n\n\n\n<p class=\"has-text-color has-link-color wp-elements-75e27b1dfa2032eed2e0f36e446ba38d\" style=\"color:#4a4a4a\">Likewise, while the case law of the ECtHR states that <strong>whistleblowers must report breaches through internal communication channels<\/strong> as a first option, the Directive merely recognizes that, although communication through internal channels is preferential, it is not a requirement. Furthermore, the ECtHR&#8217;s decisions on whistleblowing use as admissibility criteria the legal principles of good faith and public interest, as well as the analysis of the relationship between the protection of the whistleblower and the damage caused by the whistleblower to the company, whether public or private, or a public institution, as a result of the whistleblowing itself. For its part, the Directive does not consider the application of these legal principles or the factual relationship, nor does it protect those who communicate information in matters of national security of each Member State; although, on this last point, it should be noted that there is case law of the ECtHR, such as the <a href=\"https:\/\/hudoc.echr.coe.int\/eng#%7B%22itemid%22:%5B%22002-7395%22%5D%7D\" target=\"_blank\" rel=\"noreferrer noopener\">Bucur &amp; Toma v. Romania (2013)<\/a>, which grants protection to the whistleblower under the protection, again, of Article 10 of the ECHR, which proclaims freedom of expression.&nbsp;<\/p>\n\n\n\n<p class=\"has-text-color has-link-color wp-elements-71ae7508bbc5e3935fc2c5a8db7c8d62\" style=\"color:#4a4a4a\">With regard to the transposition of the Directive into the national legal systems of the Member States, although it was envisaged as the ideal occasion for the States to have an internal debate on the regulation of whistleblowing that would culminate in the enactment of complete national laws in this area, it is exposing the weaknesses of the Directive itself. Consequently, this could mean that, when the time comes to transpose it, it will crystallize into piecemeal provisions that are difficult to apply and which, moreover, will often be accompanied by judicial systems that do not function properly.&nbsp;<\/p>\n\n\n\n<p class=\"has-text-color has-link-color wp-elements-8908483ed5545e79b7cbb1e57e332eba\" style=\"color:#4a4a4a\">It should also be noted that, in the framework of the transposition of the Directive, there have been some difficulties that led the European Commission, in 2022, to send, first, letters of formal notice to 24 Member States for not having fully transposed and informed the Commission of the transposition measures before the deadline set (December 17, 2021); and, subsequently, reasoned opinions for not having communicated the complete transposition measures of the Directive. Finally, the <strong>European Commission brought countries such as Spain, Italy, Germany, Hungary or Poland (among others) before the Court of Justice of the European Union<\/strong> (CJEU) <strong>for not having duly transposed and notified the national measures<\/strong> transposing the Directive into national law.&nbsp;<\/p>\n\n\n\n<p class=\"has-text-color has-link-color wp-elements-3a790fc79a6af1937d2a848bf653e879\" style=\"color:#4a4a4a\">Finally, the weaknesses of the Directive, as mentioned above, are headed by the lack of protection for those who report on matters of national security. Other shortcomings of the aforementioned legal text are the <strong>time limit established for the acknowledgement of receipt of complaints<\/strong>, since for specific matters it would be insufficient as it is very short; and the lack of obligation to record in a register the actions taken to address the irregularities reported, as well as the <strong>identity of those who took such decisions.<\/strong>&nbsp;<\/p>\n\n\n\n<p class=\"has-text-color has-link-color wp-elements-40214b99017edcccd1a3ea1e920a5356\" style=\"color:#4a4a4a\">Consequently, and in relation to the above, there are only two possibilities to increase the effectiveness of the Directive. A first option would be for the Commission or the Council to adopt an <strong>implementing regulation on <\/strong><em>whistleblowers <\/em>that would establish uniform implementing rules throughout the Union in relation to the Directive. On the other hand, Member States could also be urged to <strong>avoid transposing the Directive by means of piecemeal and difficult-to-implement provisions <\/strong>on the grounds of the ineffectiveness that this would entail.&nbsp;<\/p>\n\n\n\n<p class=\"has-text-color has-link-color wp-elements-8fd399d0a4b8a3628f3cbc65dec209e3\" style=\"color:#4a4a4a\">Finally, it is important to note that the European Union remains committed to the fight against corruption and continues to make progress towards this end with measures such as the <a href=\"https:\/\/eur-lex.europa.eu\/legal-content\/ES\/TXT\/PDF\/?uri=CELEX:52023PC0234\" target=\"_blank\" rel=\"noreferrer noopener\"><strong>new proposal for a Directive on the fight against corruption<\/strong><\/a> presented on May 3 of this year.&nbsp;<\/p>\n\n\n\n<p class=\"has-text-color has-link-color wp-elements-767d16cda455c0a7f899279f2e9fcf51\" style=\"color:#4a4a4a\">Ariadna Puyuelo Mart\u00ednez, FIBGAR collaborator&nbsp;<\/p>\n\n\n\n<p class=\"has-text-color has-link-color wp-elements-933513a42d75bc11a9602f57356f17ba\" style=\"color:#4a4a4a\"><\/p>\n\n\n\n<p class=\"has-text-color has-link-color wp-elements-2699c092fe87e9ea3c56d1c25e479bdd\" style=\"color:#4a4a4a\">Madrid, 23rd of june, 2023<\/p>\n","protected":false},"excerpt":{"rendered":"<p>Faced with an increase in cases of whistleblowers reporting wrongdoing within companies and public institutions, the European Union (hereinafter, the Union or the EU, indistinctly) was under pressure to establish a policy to protect whistleblowers, which eventually crystallized in Directive (EU) 2019\/1937 of 2019 on the protection of persons who report breaches of Union law&#8230;<\/p>\n","protected":false},"author":4,"featured_media":22916,"comment_status":"closed","ping_status":"closed","sticky":false,"template":"","format":"standard","meta":{"footnotes":""},"categories":[586,683],"tags":[672,591,618],"class_list":["post-22121","post","type-post","status-publish","format-standard","has-post-thumbnail","hentry","category-articles","category-derechos-humanos-en","tag-alertadores-en","tag-human-rights","tag-union-europea-en"],"yoast_head":"<!-- This site is optimized with the Yoast SEO plugin v27.4 - https:\/\/yoast.com\/product\/yoast-seo-wordpress\/ -->\n<title>The protection of whistleblowers in Europe: progress and setbacks\u00a0 - FIBGAR<\/title>\n<meta name=\"description\" content=\"Ante el aumento de los casos de alertadores o whistleblowers que informaban de irregularidades en el seno de empresas e instituciones p\u00fablicas, la Uni\u00f3n Europea (en adelante, la Uni\u00f3n o la UE, indistintamente) se vio presionada a establecer una pol\u00edtica que protegiese a dichas personas, algo que acab\u00f3 cristalizando en la Directiva (UE) 2019\/1937, de 2019, relativa a la protecci\u00f3n de personas que informen sobre infracciones del Derecho de la Uni\u00f3n (en adelante, la Directiva). Consecuentemente, la Directiva ten\u00eda como objetivo introducir canales de comunicaci\u00f3n seguros, as\u00ed como procedimientos claros en materia de denuncia de infracciones, con el fin de evitar toda forma de represalias contra los alertadores Asimismo, la Directiva fue concebida como un instrumento jur\u00eddico que permit\u00eda un impacto positivo en materia de transparencia, integridad y responsabilidad.\" \/>\n<meta name=\"robots\" content=\"index, follow, max-snippet:-1, max-image-preview:large, max-video-preview:-1\" \/>\n<link rel=\"canonical\" href=\"https:\/\/fibgar.es\/en\/la-proteccion-de-los-alertadores-en-europa-avances-y-retrocesos\/\" \/>\n<meta property=\"og:locale\" content=\"en_US\" \/>\n<meta property=\"og:type\" content=\"article\" \/>\n<meta property=\"og:title\" content=\"The protection of whistleblowers in Europe: progress and setbacks\u00a0 - FIBGAR\" \/>\n<meta property=\"og:description\" content=\"Ante el aumento de los casos de alertadores o whistleblowers que informaban de irregularidades en el seno de empresas e instituciones p\u00fablicas, la Uni\u00f3n Europea (en adelante, la Uni\u00f3n o la UE, indistintamente) se vio presionada a establecer una pol\u00edtica que protegiese a dichas personas, algo que acab\u00f3 cristalizando en la Directiva (UE) 2019\/1937, de 2019, relativa a la protecci\u00f3n de personas que informen sobre infracciones del Derecho de la Uni\u00f3n (en adelante, la Directiva). Consecuentemente, la Directiva ten\u00eda como objetivo introducir canales de comunicaci\u00f3n seguros, as\u00ed como procedimientos claros en materia de denuncia de infracciones, con el fin de evitar toda forma de represalias contra los alertadores Asimismo, la Directiva fue concebida como un instrumento jur\u00eddico que permit\u00eda un impacto positivo en materia de transparencia, integridad y responsabilidad.\" \/>\n<meta property=\"og:url\" content=\"https:\/\/fibgar.es\/en\/la-proteccion-de-los-alertadores-en-europa-avances-y-retrocesos\/\" \/>\n<meta property=\"og:site_name\" content=\"FIBGAR\" \/>\n<meta property=\"article:publisher\" content=\"https:\/\/www.facebook.com\/Fibgar\" \/>\n<meta property=\"article:author\" content=\"facebook.com\/Fibgar\" \/>\n<meta property=\"article:published_time\" content=\"2023-06-23T08:11:09+00:00\" \/>\n<meta property=\"article:modified_time\" content=\"2024-04-08T09:38:14+00:00\" \/>\n<meta property=\"og:image\" content=\"https:\/\/fibgar.es\/wp-content\/uploads\/2023\/06\/DIA-INTERNACIONAL-3.png\" \/>\n\t<meta property=\"og:image:width\" content=\"1600\" \/>\n\t<meta property=\"og:image:height\" content=\"900\" \/>\n\t<meta property=\"og:image:type\" content=\"image\/png\" \/>\n<meta name=\"author\" content=\"Fibgar\" \/>\n<meta name=\"twitter:card\" content=\"summary_large_image\" \/>\n<meta name=\"twitter:creator\" content=\"@fibgar_\" \/>\n<meta name=\"twitter:site\" content=\"@fibgar_\" \/>\n<meta name=\"twitter:label1\" content=\"Written by\" \/>\n\t<meta name=\"twitter:data1\" content=\"Fibgar\" \/>\n\t<meta name=\"twitter:label2\" content=\"Est. reading time\" \/>\n\t<meta name=\"twitter:data2\" content=\"6 minutes\" \/>\n<script type=\"application\/ld+json\" class=\"yoast-schema-graph\">{\"@context\":\"https:\\\/\\\/schema.org\",\"@graph\":[{\"@type\":\"Article\",\"@id\":\"https:\\\/\\\/fibgar.es\\\/en\\\/la-proteccion-de-los-alertadores-en-europa-avances-y-retrocesos\\\/#article\",\"isPartOf\":{\"@id\":\"https:\\\/\\\/fibgar.es\\\/en\\\/la-proteccion-de-los-alertadores-en-europa-avances-y-retrocesos\\\/\"},\"author\":{\"name\":\"Fibgar\",\"@id\":\"https:\\\/\\\/fibgar.es\\\/en\\\/#\\\/schema\\\/person\\\/c32d1ebcc1653b4a15f8ef621c9575cd\"},\"headline\":\"The protection of whistleblowers in Europe: progress and setbacks\u00a0\",\"datePublished\":\"2023-06-23T08:11:09+00:00\",\"dateModified\":\"2024-04-08T09:38:14+00:00\",\"mainEntityOfPage\":{\"@id\":\"https:\\\/\\\/fibgar.es\\\/en\\\/la-proteccion-de-los-alertadores-en-europa-avances-y-retrocesos\\\/\"},\"wordCount\":1206,\"publisher\":{\"@id\":\"https:\\\/\\\/fibgar.es\\\/en\\\/#organization\"},\"image\":{\"@id\":\"https:\\\/\\\/fibgar.es\\\/en\\\/la-proteccion-de-los-alertadores-en-europa-avances-y-retrocesos\\\/#primaryimage\"},\"thumbnailUrl\":\"https:\\\/\\\/fibgar.es\\\/wp-content\\\/uploads\\\/2023\\\/06\\\/DIA-INTERNACIONAL-3.png\",\"keywords\":[\"alertadores\",\"Human Rights\",\"Uni\u00f3n Europea\"],\"articleSection\":[\"Articles\",\"Derechos humanos\"],\"inLanguage\":\"en-US\"},{\"@type\":\"WebPage\",\"@id\":\"https:\\\/\\\/fibgar.es\\\/en\\\/la-proteccion-de-los-alertadores-en-europa-avances-y-retrocesos\\\/\",\"url\":\"https:\\\/\\\/fibgar.es\\\/en\\\/la-proteccion-de-los-alertadores-en-europa-avances-y-retrocesos\\\/\",\"name\":\"The protection of whistleblowers in Europe: progress and setbacks\u00a0 - FIBGAR\",\"isPartOf\":{\"@id\":\"https:\\\/\\\/fibgar.es\\\/en\\\/#website\"},\"primaryImageOfPage\":{\"@id\":\"https:\\\/\\\/fibgar.es\\\/en\\\/la-proteccion-de-los-alertadores-en-europa-avances-y-retrocesos\\\/#primaryimage\"},\"image\":{\"@id\":\"https:\\\/\\\/fibgar.es\\\/en\\\/la-proteccion-de-los-alertadores-en-europa-avances-y-retrocesos\\\/#primaryimage\"},\"thumbnailUrl\":\"https:\\\/\\\/fibgar.es\\\/wp-content\\\/uploads\\\/2023\\\/06\\\/DIA-INTERNACIONAL-3.png\",\"datePublished\":\"2023-06-23T08:11:09+00:00\",\"dateModified\":\"2024-04-08T09:38:14+00:00\",\"description\":\"Ante el aumento de los casos de alertadores o whistleblowers que informaban de irregularidades en el seno de empresas e instituciones p\u00fablicas, la Uni\u00f3n Europea (en adelante, la Uni\u00f3n o la UE, indistintamente) se vio presionada a establecer una pol\u00edtica que protegiese a dichas personas, algo que acab\u00f3 cristalizando en la Directiva (UE) 2019\\\/1937, de 2019, relativa a la protecci\u00f3n de personas que informen sobre infracciones del Derecho de la Uni\u00f3n (en adelante, la Directiva). Consecuentemente, la Directiva ten\u00eda como objetivo introducir canales de comunicaci\u00f3n seguros, as\u00ed como procedimientos claros en materia de denuncia de infracciones, con el fin de evitar toda forma de represalias contra los alertadores Asimismo, la Directiva fue concebida como un instrumento jur\u00eddico que permit\u00eda un impacto positivo en materia de transparencia, integridad y responsabilidad.\",\"breadcrumb\":{\"@id\":\"https:\\\/\\\/fibgar.es\\\/en\\\/la-proteccion-de-los-alertadores-en-europa-avances-y-retrocesos\\\/#breadcrumb\"},\"inLanguage\":\"en-US\",\"potentialAction\":[{\"@type\":\"ReadAction\",\"target\":[\"https:\\\/\\\/fibgar.es\\\/en\\\/la-proteccion-de-los-alertadores-en-europa-avances-y-retrocesos\\\/\"]}]},{\"@type\":\"ImageObject\",\"inLanguage\":\"en-US\",\"@id\":\"https:\\\/\\\/fibgar.es\\\/en\\\/la-proteccion-de-los-alertadores-en-europa-avances-y-retrocesos\\\/#primaryimage\",\"url\":\"https:\\\/\\\/fibgar.es\\\/wp-content\\\/uploads\\\/2023\\\/06\\\/DIA-INTERNACIONAL-3.png\",\"contentUrl\":\"https:\\\/\\\/fibgar.es\\\/wp-content\\\/uploads\\\/2023\\\/06\\\/DIA-INTERNACIONAL-3.png\",\"width\":1600,\"height\":900},{\"@type\":\"BreadcrumbList\",\"@id\":\"https:\\\/\\\/fibgar.es\\\/en\\\/la-proteccion-de-los-alertadores-en-europa-avances-y-retrocesos\\\/#breadcrumb\",\"itemListElement\":[{\"@type\":\"ListItem\",\"position\":1,\"name\":\"Home\",\"item\":\"https:\\\/\\\/fibgar.es\\\/en\\\/\"},{\"@type\":\"ListItem\",\"position\":2,\"name\":\"The protection of whistleblowers in Europe: progress and setbacks\u00a0\"}]},{\"@type\":\"WebSite\",\"@id\":\"https:\\\/\\\/fibgar.es\\\/en\\\/#website\",\"url\":\"https:\\\/\\\/fibgar.es\\\/en\\\/\",\"name\":\"FIBGAR\",\"description\":\"Fundaci\u00f3n Internacional Baltasar Garz\u00f3n\",\"publisher\":{\"@id\":\"https:\\\/\\\/fibgar.es\\\/en\\\/#organization\"},\"alternateName\":\"FIBGAR\",\"potentialAction\":[{\"@type\":\"SearchAction\",\"target\":{\"@type\":\"EntryPoint\",\"urlTemplate\":\"https:\\\/\\\/fibgar.es\\\/en\\\/?s={search_term_string}\"},\"query-input\":{\"@type\":\"PropertyValueSpecification\",\"valueRequired\":true,\"valueName\":\"search_term_string\"}}],\"inLanguage\":\"en-US\"},{\"@type\":\"Organization\",\"@id\":\"https:\\\/\\\/fibgar.es\\\/en\\\/#organization\",\"name\":\"Fundaci\u00f3n Internacional Baltasar Garz\u00f3n\",\"alternateName\":\"FIBGAR\",\"url\":\"https:\\\/\\\/fibgar.es\\\/en\\\/\",\"logo\":{\"@type\":\"ImageObject\",\"inLanguage\":\"en-US\",\"@id\":\"https:\\\/\\\/fibgar.es\\\/en\\\/#\\\/schema\\\/logo\\\/image\\\/\",\"url\":\"https:\\\/\\\/fibgar.es\\\/wp-content\\\/uploads\\\/2020\\\/04\\\/cropped-fibgar-icono.jpeg\",\"contentUrl\":\"https:\\\/\\\/fibgar.es\\\/wp-content\\\/uploads\\\/2020\\\/04\\\/cropped-fibgar-icono.jpeg\",\"width\":512,\"height\":512,\"caption\":\"Fundaci\u00f3n Internacional Baltasar Garz\u00f3n\"},\"image\":{\"@id\":\"https:\\\/\\\/fibgar.es\\\/en\\\/#\\\/schema\\\/logo\\\/image\\\/\"},\"sameAs\":[\"https:\\\/\\\/www.facebook.com\\\/Fibgar\",\"https:\\\/\\\/x.com\\\/fibgar_\"]},{\"@type\":\"Person\",\"@id\":\"https:\\\/\\\/fibgar.es\\\/en\\\/#\\\/schema\\\/person\\\/c32d1ebcc1653b4a15f8ef621c9575cd\",\"name\":\"Fibgar\",\"sameAs\":[\"facebook.com\\\/Fibgar\",\"https:\\\/\\\/www.instagram.com\\\/fibgar__\\\/\",\"https:\\\/\\\/www.linkedin.com\\\/company\\\/fibgar\",\"https:\\\/\\\/x.com\\\/fibgar_\",\"https:\\\/\\\/www.youtube.com\\\/c\\\/FIBGARTV\\\/featured\"],\"url\":\"https:\\\/\\\/fibgar.es\\\/en\\\/author\\\/fibgarau\\\/\"}]}<\/script>\n<!-- \/ Yoast SEO plugin. -->","yoast_head_json":{"title":"The protection of whistleblowers in Europe: progress and setbacks\u00a0 - FIBGAR","description":"Ante el aumento de los casos de alertadores o whistleblowers que informaban de irregularidades en el seno de empresas e instituciones p\u00fablicas, la Uni\u00f3n Europea (en adelante, la Uni\u00f3n o la UE, indistintamente) se vio presionada a establecer una pol\u00edtica que protegiese a dichas personas, algo que acab\u00f3 cristalizando en la Directiva (UE) 2019\/1937, de 2019, relativa a la protecci\u00f3n de personas que informen sobre infracciones del Derecho de la Uni\u00f3n (en adelante, la Directiva). Consecuentemente, la Directiva ten\u00eda como objetivo introducir canales de comunicaci\u00f3n seguros, as\u00ed como procedimientos claros en materia de denuncia de infracciones, con el fin de evitar toda forma de represalias contra los alertadores Asimismo, la Directiva fue concebida como un instrumento jur\u00eddico que permit\u00eda un impacto positivo en materia de transparencia, integridad y responsabilidad.","robots":{"index":"index","follow":"follow","max-snippet":"max-snippet:-1","max-image-preview":"max-image-preview:large","max-video-preview":"max-video-preview:-1"},"canonical":"https:\/\/fibgar.es\/en\/la-proteccion-de-los-alertadores-en-europa-avances-y-retrocesos\/","og_locale":"en_US","og_type":"article","og_title":"The protection of whistleblowers in Europe: progress and setbacks\u00a0 - FIBGAR","og_description":"Ante el aumento de los casos de alertadores o whistleblowers que informaban de irregularidades en el seno de empresas e instituciones p\u00fablicas, la Uni\u00f3n Europea (en adelante, la Uni\u00f3n o la UE, indistintamente) se vio presionada a establecer una pol\u00edtica que protegiese a dichas personas, algo que acab\u00f3 cristalizando en la Directiva (UE) 2019\/1937, de 2019, relativa a la protecci\u00f3n de personas que informen sobre infracciones del Derecho de la Uni\u00f3n (en adelante, la Directiva). Consecuentemente, la Directiva ten\u00eda como objetivo introducir canales de comunicaci\u00f3n seguros, as\u00ed como procedimientos claros en materia de denuncia de infracciones, con el fin de evitar toda forma de represalias contra los alertadores Asimismo, la Directiva fue concebida como un instrumento jur\u00eddico que permit\u00eda un impacto positivo en materia de transparencia, integridad y responsabilidad.","og_url":"https:\/\/fibgar.es\/en\/la-proteccion-de-los-alertadores-en-europa-avances-y-retrocesos\/","og_site_name":"FIBGAR","article_publisher":"https:\/\/www.facebook.com\/Fibgar","article_author":"facebook.com\/Fibgar","article_published_time":"2023-06-23T08:11:09+00:00","article_modified_time":"2024-04-08T09:38:14+00:00","og_image":[{"width":1600,"height":900,"url":"https:\/\/fibgar.es\/wp-content\/uploads\/2023\/06\/DIA-INTERNACIONAL-3.png","type":"image\/png"}],"author":"Fibgar","twitter_card":"summary_large_image","twitter_creator":"@fibgar_","twitter_site":"@fibgar_","twitter_misc":{"Written by":"Fibgar","Est. reading time":"6 minutes"},"schema":{"@context":"https:\/\/schema.org","@graph":[{"@type":"Article","@id":"https:\/\/fibgar.es\/en\/la-proteccion-de-los-alertadores-en-europa-avances-y-retrocesos\/#article","isPartOf":{"@id":"https:\/\/fibgar.es\/en\/la-proteccion-de-los-alertadores-en-europa-avances-y-retrocesos\/"},"author":{"name":"Fibgar","@id":"https:\/\/fibgar.es\/en\/#\/schema\/person\/c32d1ebcc1653b4a15f8ef621c9575cd"},"headline":"The protection of whistleblowers in Europe: progress and setbacks\u00a0","datePublished":"2023-06-23T08:11:09+00:00","dateModified":"2024-04-08T09:38:14+00:00","mainEntityOfPage":{"@id":"https:\/\/fibgar.es\/en\/la-proteccion-de-los-alertadores-en-europa-avances-y-retrocesos\/"},"wordCount":1206,"publisher":{"@id":"https:\/\/fibgar.es\/en\/#organization"},"image":{"@id":"https:\/\/fibgar.es\/en\/la-proteccion-de-los-alertadores-en-europa-avances-y-retrocesos\/#primaryimage"},"thumbnailUrl":"https:\/\/fibgar.es\/wp-content\/uploads\/2023\/06\/DIA-INTERNACIONAL-3.png","keywords":["alertadores","Human Rights","Uni\u00f3n Europea"],"articleSection":["Articles","Derechos humanos"],"inLanguage":"en-US"},{"@type":"WebPage","@id":"https:\/\/fibgar.es\/en\/la-proteccion-de-los-alertadores-en-europa-avances-y-retrocesos\/","url":"https:\/\/fibgar.es\/en\/la-proteccion-de-los-alertadores-en-europa-avances-y-retrocesos\/","name":"The protection of whistleblowers in Europe: progress and setbacks\u00a0 - FIBGAR","isPartOf":{"@id":"https:\/\/fibgar.es\/en\/#website"},"primaryImageOfPage":{"@id":"https:\/\/fibgar.es\/en\/la-proteccion-de-los-alertadores-en-europa-avances-y-retrocesos\/#primaryimage"},"image":{"@id":"https:\/\/fibgar.es\/en\/la-proteccion-de-los-alertadores-en-europa-avances-y-retrocesos\/#primaryimage"},"thumbnailUrl":"https:\/\/fibgar.es\/wp-content\/uploads\/2023\/06\/DIA-INTERNACIONAL-3.png","datePublished":"2023-06-23T08:11:09+00:00","dateModified":"2024-04-08T09:38:14+00:00","description":"Ante el aumento de los casos de alertadores o whistleblowers que informaban de irregularidades en el seno de empresas e instituciones p\u00fablicas, la Uni\u00f3n Europea (en adelante, la Uni\u00f3n o la UE, indistintamente) se vio presionada a establecer una pol\u00edtica que protegiese a dichas personas, algo que acab\u00f3 cristalizando en la Directiva (UE) 2019\/1937, de 2019, relativa a la protecci\u00f3n de personas que informen sobre infracciones del Derecho de la Uni\u00f3n (en adelante, la Directiva). Consecuentemente, la Directiva ten\u00eda como objetivo introducir canales de comunicaci\u00f3n seguros, as\u00ed como procedimientos claros en materia de denuncia de infracciones, con el fin de evitar toda forma de represalias contra los alertadores Asimismo, la Directiva fue concebida como un instrumento jur\u00eddico que permit\u00eda un impacto positivo en materia de transparencia, integridad y responsabilidad.","breadcrumb":{"@id":"https:\/\/fibgar.es\/en\/la-proteccion-de-los-alertadores-en-europa-avances-y-retrocesos\/#breadcrumb"},"inLanguage":"en-US","potentialAction":[{"@type":"ReadAction","target":["https:\/\/fibgar.es\/en\/la-proteccion-de-los-alertadores-en-europa-avances-y-retrocesos\/"]}]},{"@type":"ImageObject","inLanguage":"en-US","@id":"https:\/\/fibgar.es\/en\/la-proteccion-de-los-alertadores-en-europa-avances-y-retrocesos\/#primaryimage","url":"https:\/\/fibgar.es\/wp-content\/uploads\/2023\/06\/DIA-INTERNACIONAL-3.png","contentUrl":"https:\/\/fibgar.es\/wp-content\/uploads\/2023\/06\/DIA-INTERNACIONAL-3.png","width":1600,"height":900},{"@type":"BreadcrumbList","@id":"https:\/\/fibgar.es\/en\/la-proteccion-de-los-alertadores-en-europa-avances-y-retrocesos\/#breadcrumb","itemListElement":[{"@type":"ListItem","position":1,"name":"Home","item":"https:\/\/fibgar.es\/en\/"},{"@type":"ListItem","position":2,"name":"The protection of whistleblowers in Europe: progress and setbacks\u00a0"}]},{"@type":"WebSite","@id":"https:\/\/fibgar.es\/en\/#website","url":"https:\/\/fibgar.es\/en\/","name":"FIBGAR","description":"Fundaci\u00f3n Internacional Baltasar Garz\u00f3n","publisher":{"@id":"https:\/\/fibgar.es\/en\/#organization"},"alternateName":"FIBGAR","potentialAction":[{"@type":"SearchAction","target":{"@type":"EntryPoint","urlTemplate":"https:\/\/fibgar.es\/en\/?s={search_term_string}"},"query-input":{"@type":"PropertyValueSpecification","valueRequired":true,"valueName":"search_term_string"}}],"inLanguage":"en-US"},{"@type":"Organization","@id":"https:\/\/fibgar.es\/en\/#organization","name":"Fundaci\u00f3n Internacional Baltasar Garz\u00f3n","alternateName":"FIBGAR","url":"https:\/\/fibgar.es\/en\/","logo":{"@type":"ImageObject","inLanguage":"en-US","@id":"https:\/\/fibgar.es\/en\/#\/schema\/logo\/image\/","url":"https:\/\/fibgar.es\/wp-content\/uploads\/2020\/04\/cropped-fibgar-icono.jpeg","contentUrl":"https:\/\/fibgar.es\/wp-content\/uploads\/2020\/04\/cropped-fibgar-icono.jpeg","width":512,"height":512,"caption":"Fundaci\u00f3n Internacional Baltasar Garz\u00f3n"},"image":{"@id":"https:\/\/fibgar.es\/en\/#\/schema\/logo\/image\/"},"sameAs":["https:\/\/www.facebook.com\/Fibgar","https:\/\/x.com\/fibgar_"]},{"@type":"Person","@id":"https:\/\/fibgar.es\/en\/#\/schema\/person\/c32d1ebcc1653b4a15f8ef621c9575cd","name":"Fibgar","sameAs":["facebook.com\/Fibgar","https:\/\/www.instagram.com\/fibgar__\/","https:\/\/www.linkedin.com\/company\/fibgar","https:\/\/x.com\/fibgar_","https:\/\/www.youtube.com\/c\/FIBGARTV\/featured"],"url":"https:\/\/fibgar.es\/en\/author\/fibgarau\/"}]}},"_links":{"self":[{"href":"https:\/\/fibgar.es\/en\/wp-json\/wp\/v2\/posts\/22121","targetHints":{"allow":["GET"]}}],"collection":[{"href":"https:\/\/fibgar.es\/en\/wp-json\/wp\/v2\/posts"}],"about":[{"href":"https:\/\/fibgar.es\/en\/wp-json\/wp\/v2\/types\/post"}],"author":[{"embeddable":true,"href":"https:\/\/fibgar.es\/en\/wp-json\/wp\/v2\/users\/4"}],"replies":[{"embeddable":true,"href":"https:\/\/fibgar.es\/en\/wp-json\/wp\/v2\/comments?post=22121"}],"version-history":[{"count":2,"href":"https:\/\/fibgar.es\/en\/wp-json\/wp\/v2\/posts\/22121\/revisions"}],"predecessor-version":[{"id":22918,"href":"https:\/\/fibgar.es\/en\/wp-json\/wp\/v2\/posts\/22121\/revisions\/22918"}],"wp:featuredmedia":[{"embeddable":true,"href":"https:\/\/fibgar.es\/en\/wp-json\/wp\/v2\/media\/22916"}],"wp:attachment":[{"href":"https:\/\/fibgar.es\/en\/wp-json\/wp\/v2\/media?parent=22121"}],"wp:term":[{"taxonomy":"category","embeddable":true,"href":"https:\/\/fibgar.es\/en\/wp-json\/wp\/v2\/categories?post=22121"},{"taxonomy":"post_tag","embeddable":true,"href":"https:\/\/fibgar.es\/en\/wp-json\/wp\/v2\/tags?post=22121"}],"curies":[{"name":"wp","href":"https:\/\/api.w.org\/{rel}","templated":true}]}}