{"id":22860,"date":"2024-03-08T08:00:00","date_gmt":"2024-03-08T07:00:00","guid":{"rendered":"https:\/\/fibgar.es\/?p=22860"},"modified":"2024-04-08T12:19:15","modified_gmt":"2024-04-08T10:19:15","slug":"reflexiones-sobre-el-seminario-online-libertad-de-expresion-y-de-informacion-en-el-punto-de-mira","status":"publish","type":"post","link":"https:\/\/fibgar.es\/en\/reflexiones-sobre-el-seminario-online-libertad-de-expresion-y-de-informacion-en-el-punto-de-mira\/","title":{"rendered":"Reflections on the online seminar &#8220;Freedom of expression and information in the spotlight&#8221;"},"content":{"rendered":"\n<p>In the digital and global landscape in which we find ourselves today, freedom of expression and information face unprecedented challenges that require critical <strong>attention and thoughtful action<\/strong>. These issues were the central focus of our first online seminar <strong>&#8220;Freedom of expression and information in the spotlight&#8221;<\/strong> of the project <a href=\"https:\/\/fibgar.es\/voces\/en\/\"><strong>&#8220;Voices &#8211; Civil society voices for a more sustainable democracy: dialogue between Europe and Latin America&#8221;.<\/strong><\/a><strong> <\/strong>During the event, speakers Renzo D\u00edaz Giunta and Dardo G\u00f3mez Ruiz, both participants in the VOCES project, explored the threats to freedom of thought, expression and press freedom in today&#8217;s societies, as well as strategies to protect journalists and combat disinformation.<\/p>\n\n\n\n<p>One of the most salient points highlighted was the growing and threatening <strong>disinformation<\/strong> that looms over contemporary society. With the proliferation of digital spaces and social networks, the spread of unverified information or what is known as <strong>&#8220;fake news&#8221;<\/strong> threatens democracy and directly threatens the right to free thought, causing a <strong>media literacy<\/strong> that weakens the tools of citizens in the face of information manipulation.<\/p>\n\n\n\n<p>Another of the central themes of the seminar was press <strong>censorship<\/strong> and the control of the media by the circles of power. Although the seminar recognized the need to safeguard the integrity of information and protect citizens from disinformation, it stressed the importance of maintaining a<strong> balance<\/strong> that does not seriously interfere with freedom of expression and freedom of the media. Censorship easily becomes an obstacle to diversity of opinion and can limit access to information that is crucial for citizens and the exercise of their freedoms and rights.<\/p>\n\n\n\n<p>In this context, both speakers at the seminar raised the relevance of promoting transparency, impartiality and accountability of the media. Both speakers raised the possibility of <strong>self-regulation <\/strong>or<strong> co-regulation <\/strong>of the journalistic industry with a view to promoting quality standards that comply with journalistic ethics and strengthen public confidence<\/p>\n\n\n\n<p>The speakers also warned about the vulnerability of those people, whether journalists or organizations, who uncover criminal acts due to the reprisals and legal persecution they suffer. This exercise of freedom can lead to intimidating lawsuits known as <strong>SLAPPs<\/strong> (Strategic Lawsuits Against Public Participation). These abusive legal actions seek to silence critical voices and pose serious threats to the integrity of these individuals. Confronting and addressing these tactics is essential to preserving a news space where <strong>truth<\/strong> is central and <strong>impunity <\/strong>is ended.<\/p>\n\n\n\n<p>The seminar concluded with a <strong>call to action<\/strong>, urging society to actively participate in the defense of freedom of expression and information as fundamental pillars of resilient and resistant democracies. Emphasis was placed on shared <strong>responsibility in the construction of a more ethical and conscious information space, where<\/strong> freedom of voice is present and truth prevails over disinformation.<\/p>\n\n\n\n<p>The seminar is available on our Youtube channel: <a href=\"https:\/\/www.youtube.com\/watch?v=MOq0BOsjL_E\">https:\/\/www.youtube.com\/watch?v=MOq0BOsjL_E<\/a><\/p>\n\n\n\n<p>Contribution Renzo D\u00edaz Giunta &#8220;Demcoracy under siege: The threats to the freedom of the press in Per\u00fa: <a href=\"https:\/\/fibgar.es\/voces\/wp-content\/uploads\/2024\/02\/Renzo-diaz-DEFINITIVO.pdf\">https:\/\/fibgar.es\/voces\/wp-content\/uploads\/2024\/02\/Renzo-diaz-DEFINITIVO.pdf<\/a><\/p>\n\n\n\n<p>Contribution Dardo G\u00f3mez Ruiz &#8220;Guaranteeing the right to information for citizens is a challenge that cannot be postponed but has been delayed&#8221;: <a href=\"https:\/\/fibgar.es\/voces\/wp-content\/uploads\/2024\/02\/Dardo-Gomez-DEFINITIVO.pdf\">https:\/\/fibgar.es\/voces\/wp-content\/uploads\/2024\/02\/Dardo-Gomez-DEFINITIVO.pdf<\/a><\/p>\n\n\n\n<p>Carmen Coleto Mart\u00ednez, FIBGAR Junior Project Manager<\/p>\n\n\n\n<blockquote class=\"wp-block-quote is-layout-flow wp-block-quote-is-layout-flow\">\n<p><\/p>\n<\/blockquote>\n","protected":false},"excerpt":{"rendered":"<p>In the digital and global landscape in which we find ourselves today, freedom of expression and information face unprecedented challenges that require critical attention and thoughtful action. These issues were the central focus of our first online seminar &#8220;Freedom of expression and information in the spotlight&#8221; of the project &#8220;Voices &#8211; Civil society voices for&#8230;<\/p>\n","protected":false},"author":4,"featured_media":22920,"comment_status":"closed","ping_status":"closed","sticky":false,"template":"","format":"standard","meta":{"footnotes":""},"categories":[586,478],"tags":[804],"class_list":["post-22860","post","type-post","status-publish","format-standard","has-post-thumbnail","hentry","category-articles","category-articulos","tag-voces"],"yoast_head":"<!-- This site is optimized with the Yoast SEO plugin v27.4 - https:\/\/yoast.com\/product\/yoast-seo-wordpress\/ -->\n<title>Reflections on the online seminar &quot;Freedom of expression and information in the spotlight&quot; - FIBGAR<\/title>\n<meta name=\"description\" content=\"En el escenario digital y global en el que nos encontramos en la actualidad, la libertad de expresi\u00f3n e informaci\u00f3n enfrentan desaf\u00edos sin precedentes que requieren una atenci\u00f3n cr\u00edtica y medidas reflexivas. Estos temas fueron el foco central de nuestro primer seminario online \u201cLibertad de expresi\u00f3n y de informaci\u00f3n en el punto de mira\u201d del proyecto \u201cVoces - Voces de la sociedad civil para una democracia m\u00e1s sustentable: di\u00e1logo entre Europa y Am\u00e9rica Latina\u201d.\" \/>\n<meta name=\"robots\" content=\"index, follow, max-snippet:-1, max-image-preview:large, max-video-preview:-1\" \/>\n<link rel=\"canonical\" href=\"https:\/\/fibgar.es\/en\/reflexiones-sobre-el-seminario-online-libertad-de-expresion-y-de-informacion-en-el-punto-de-mira\/\" \/>\n<meta property=\"og:locale\" content=\"en_US\" \/>\n<meta property=\"og:type\" content=\"article\" \/>\n<meta property=\"og:title\" content=\"Reflections on the online seminar &quot;Freedom of expression and information in the spotlight&quot; - FIBGAR\" \/>\n<meta property=\"og:description\" content=\"En el escenario digital y global en el que nos encontramos en la actualidad, la libertad de expresi\u00f3n e informaci\u00f3n enfrentan desaf\u00edos sin precedentes que requieren una atenci\u00f3n cr\u00edtica y medidas reflexivas. Estos temas fueron el foco central de nuestro primer seminario online \u201cLibertad de expresi\u00f3n y de informaci\u00f3n en el punto de mira\u201d del proyecto \u201cVoces - Voces de la sociedad civil para una democracia m\u00e1s sustentable: di\u00e1logo entre Europa y Am\u00e9rica Latina\u201d.\" \/>\n<meta property=\"og:url\" content=\"https:\/\/fibgar.es\/en\/reflexiones-sobre-el-seminario-online-libertad-de-expresion-y-de-informacion-en-el-punto-de-mira\/\" \/>\n<meta property=\"og:site_name\" content=\"FIBGAR\" \/>\n<meta property=\"article:publisher\" content=\"https:\/\/www.facebook.com\/Fibgar\" \/>\n<meta property=\"article:author\" content=\"facebook.com\/Fibgar\" \/>\n<meta property=\"article:published_time\" content=\"2024-03-08T07:00:00+00:00\" \/>\n<meta property=\"article:modified_time\" content=\"2024-04-08T10:19:15+00:00\" \/>\n<meta property=\"og:image\" content=\"https:\/\/fibgar.es\/wp-content\/uploads\/2024\/03\/foto-articulo-ingles.png\" \/>\n\t<meta property=\"og:image:width\" content=\"2560\" \/>\n\t<meta property=\"og:image:height\" content=\"1440\" \/>\n\t<meta property=\"og:image:type\" content=\"image\/png\" \/>\n<meta name=\"author\" content=\"Fibgar\" \/>\n<meta name=\"twitter:card\" content=\"summary_large_image\" \/>\n<meta name=\"twitter:creator\" content=\"@fibgar_\" \/>\n<meta name=\"twitter:site\" content=\"@fibgar_\" \/>\n<meta name=\"twitter:label1\" content=\"Written by\" \/>\n\t<meta name=\"twitter:data1\" content=\"Fibgar\" \/>\n\t<meta name=\"twitter:label2\" content=\"Est. reading time\" \/>\n\t<meta name=\"twitter:data2\" content=\"3 minutes\" \/>\n<script type=\"application\/ld+json\" class=\"yoast-schema-graph\">{\"@context\":\"https:\\\/\\\/schema.org\",\"@graph\":[{\"@type\":\"Article\",\"@id\":\"https:\\\/\\\/fibgar.es\\\/en\\\/reflexiones-sobre-el-seminario-online-libertad-de-expresion-y-de-informacion-en-el-punto-de-mira\\\/#article\",\"isPartOf\":{\"@id\":\"https:\\\/\\\/fibgar.es\\\/en\\\/reflexiones-sobre-el-seminario-online-libertad-de-expresion-y-de-informacion-en-el-punto-de-mira\\\/\"},\"author\":{\"name\":\"Fibgar\",\"@id\":\"https:\\\/\\\/fibgar.es\\\/en\\\/#\\\/schema\\\/person\\\/c32d1ebcc1653b4a15f8ef621c9575cd\"},\"headline\":\"Reflections on the online seminar &#8220;Freedom of expression and information in the spotlight&#8221;\",\"datePublished\":\"2024-03-08T07:00:00+00:00\",\"dateModified\":\"2024-04-08T10:19:15+00:00\",\"mainEntityOfPage\":{\"@id\":\"https:\\\/\\\/fibgar.es\\\/en\\\/reflexiones-sobre-el-seminario-online-libertad-de-expresion-y-de-informacion-en-el-punto-de-mira\\\/\"},\"wordCount\":548,\"publisher\":{\"@id\":\"https:\\\/\\\/fibgar.es\\\/en\\\/#organization\"},\"image\":{\"@id\":\"https:\\\/\\\/fibgar.es\\\/en\\\/reflexiones-sobre-el-seminario-online-libertad-de-expresion-y-de-informacion-en-el-punto-de-mira\\\/#primaryimage\"},\"thumbnailUrl\":\"https:\\\/\\\/fibgar.es\\\/wp-content\\\/uploads\\\/2024\\\/03\\\/foto-articulo-ingles.png\",\"keywords\":[\"Voces\"],\"articleSection\":[\"Articles\",\"Art\u00edculos\"],\"inLanguage\":\"en-US\"},{\"@type\":\"WebPage\",\"@id\":\"https:\\\/\\\/fibgar.es\\\/en\\\/reflexiones-sobre-el-seminario-online-libertad-de-expresion-y-de-informacion-en-el-punto-de-mira\\\/\",\"url\":\"https:\\\/\\\/fibgar.es\\\/en\\\/reflexiones-sobre-el-seminario-online-libertad-de-expresion-y-de-informacion-en-el-punto-de-mira\\\/\",\"name\":\"Reflections on the online seminar \\\"Freedom of expression and information in the spotlight\\\" - FIBGAR\",\"isPartOf\":{\"@id\":\"https:\\\/\\\/fibgar.es\\\/en\\\/#website\"},\"primaryImageOfPage\":{\"@id\":\"https:\\\/\\\/fibgar.es\\\/en\\\/reflexiones-sobre-el-seminario-online-libertad-de-expresion-y-de-informacion-en-el-punto-de-mira\\\/#primaryimage\"},\"image\":{\"@id\":\"https:\\\/\\\/fibgar.es\\\/en\\\/reflexiones-sobre-el-seminario-online-libertad-de-expresion-y-de-informacion-en-el-punto-de-mira\\\/#primaryimage\"},\"thumbnailUrl\":\"https:\\\/\\\/fibgar.es\\\/wp-content\\\/uploads\\\/2024\\\/03\\\/foto-articulo-ingles.png\",\"datePublished\":\"2024-03-08T07:00:00+00:00\",\"dateModified\":\"2024-04-08T10:19:15+00:00\",\"description\":\"En el escenario digital y global en el que nos encontramos en la actualidad, la libertad de expresi\u00f3n e informaci\u00f3n enfrentan desaf\u00edos sin precedentes que requieren una atenci\u00f3n cr\u00edtica y medidas reflexivas. Estos temas fueron el foco central de nuestro primer seminario online \u201cLibertad de expresi\u00f3n y de informaci\u00f3n en el punto de mira\u201d del proyecto \u201cVoces - Voces de la sociedad civil para una democracia m\u00e1s sustentable: di\u00e1logo entre Europa y Am\u00e9rica Latina\u201d.\",\"breadcrumb\":{\"@id\":\"https:\\\/\\\/fibgar.es\\\/en\\\/reflexiones-sobre-el-seminario-online-libertad-de-expresion-y-de-informacion-en-el-punto-de-mira\\\/#breadcrumb\"},\"inLanguage\":\"en-US\",\"potentialAction\":[{\"@type\":\"ReadAction\",\"target\":[\"https:\\\/\\\/fibgar.es\\\/en\\\/reflexiones-sobre-el-seminario-online-libertad-de-expresion-y-de-informacion-en-el-punto-de-mira\\\/\"]}]},{\"@type\":\"ImageObject\",\"inLanguage\":\"en-US\",\"@id\":\"https:\\\/\\\/fibgar.es\\\/en\\\/reflexiones-sobre-el-seminario-online-libertad-de-expresion-y-de-informacion-en-el-punto-de-mira\\\/#primaryimage\",\"url\":\"https:\\\/\\\/fibgar.es\\\/wp-content\\\/uploads\\\/2024\\\/03\\\/foto-articulo-ingles.png\",\"contentUrl\":\"https:\\\/\\\/fibgar.es\\\/wp-content\\\/uploads\\\/2024\\\/03\\\/foto-articulo-ingles.png\",\"width\":2560,\"height\":1440},{\"@type\":\"BreadcrumbList\",\"@id\":\"https:\\\/\\\/fibgar.es\\\/en\\\/reflexiones-sobre-el-seminario-online-libertad-de-expresion-y-de-informacion-en-el-punto-de-mira\\\/#breadcrumb\",\"itemListElement\":[{\"@type\":\"ListItem\",\"position\":1,\"name\":\"Home\",\"item\":\"https:\\\/\\\/fibgar.es\\\/en\\\/\"},{\"@type\":\"ListItem\",\"position\":2,\"name\":\"Reflections on the online seminar &#8220;Freedom of expression and information in the spotlight&#8221;\"}]},{\"@type\":\"WebSite\",\"@id\":\"https:\\\/\\\/fibgar.es\\\/en\\\/#website\",\"url\":\"https:\\\/\\\/fibgar.es\\\/en\\\/\",\"name\":\"FIBGAR\",\"description\":\"Fundaci\u00f3n Internacional Baltasar Garz\u00f3n\",\"publisher\":{\"@id\":\"https:\\\/\\\/fibgar.es\\\/en\\\/#organization\"},\"alternateName\":\"FIBGAR\",\"potentialAction\":[{\"@type\":\"SearchAction\",\"target\":{\"@type\":\"EntryPoint\",\"urlTemplate\":\"https:\\\/\\\/fibgar.es\\\/en\\\/?s={search_term_string}\"},\"query-input\":{\"@type\":\"PropertyValueSpecification\",\"valueRequired\":true,\"valueName\":\"search_term_string\"}}],\"inLanguage\":\"en-US\"},{\"@type\":\"Organization\",\"@id\":\"https:\\\/\\\/fibgar.es\\\/en\\\/#organization\",\"name\":\"Fundaci\u00f3n Internacional Baltasar Garz\u00f3n\",\"alternateName\":\"FIBGAR\",\"url\":\"https:\\\/\\\/fibgar.es\\\/en\\\/\",\"logo\":{\"@type\":\"ImageObject\",\"inLanguage\":\"en-US\",\"@id\":\"https:\\\/\\\/fibgar.es\\\/en\\\/#\\\/schema\\\/logo\\\/image\\\/\",\"url\":\"https:\\\/\\\/fibgar.es\\\/wp-content\\\/uploads\\\/2020\\\/04\\\/cropped-fibgar-icono.jpeg\",\"contentUrl\":\"https:\\\/\\\/fibgar.es\\\/wp-content\\\/uploads\\\/2020\\\/04\\\/cropped-fibgar-icono.jpeg\",\"width\":512,\"height\":512,\"caption\":\"Fundaci\u00f3n Internacional Baltasar Garz\u00f3n\"},\"image\":{\"@id\":\"https:\\\/\\\/fibgar.es\\\/en\\\/#\\\/schema\\\/logo\\\/image\\\/\"},\"sameAs\":[\"https:\\\/\\\/www.facebook.com\\\/Fibgar\",\"https:\\\/\\\/x.com\\\/fibgar_\"]},{\"@type\":\"Person\",\"@id\":\"https:\\\/\\\/fibgar.es\\\/en\\\/#\\\/schema\\\/person\\\/c32d1ebcc1653b4a15f8ef621c9575cd\",\"name\":\"Fibgar\",\"sameAs\":[\"facebook.com\\\/Fibgar\",\"https:\\\/\\\/www.instagram.com\\\/fibgar__\\\/\",\"https:\\\/\\\/www.linkedin.com\\\/company\\\/fibgar\",\"https:\\\/\\\/x.com\\\/fibgar_\",\"https:\\\/\\\/www.youtube.com\\\/c\\\/FIBGARTV\\\/featured\"],\"url\":\"https:\\\/\\\/fibgar.es\\\/en\\\/author\\\/fibgarau\\\/\"}]}<\/script>\n<!-- \/ Yoast SEO plugin. -->","yoast_head_json":{"title":"Reflections on the online seminar \"Freedom of expression and information in the spotlight\" - FIBGAR","description":"En el escenario digital y global en el que nos encontramos en la actualidad, la libertad de expresi\u00f3n e informaci\u00f3n enfrentan desaf\u00edos sin precedentes que requieren una atenci\u00f3n cr\u00edtica y medidas reflexivas. Estos temas fueron el foco central de nuestro primer seminario online \u201cLibertad de expresi\u00f3n y de informaci\u00f3n en el punto de mira\u201d del proyecto \u201cVoces - Voces de la sociedad civil para una democracia m\u00e1s sustentable: di\u00e1logo entre Europa y Am\u00e9rica Latina\u201d.","robots":{"index":"index","follow":"follow","max-snippet":"max-snippet:-1","max-image-preview":"max-image-preview:large","max-video-preview":"max-video-preview:-1"},"canonical":"https:\/\/fibgar.es\/en\/reflexiones-sobre-el-seminario-online-libertad-de-expresion-y-de-informacion-en-el-punto-de-mira\/","og_locale":"en_US","og_type":"article","og_title":"Reflections on the online seminar \"Freedom of expression and information in the spotlight\" - FIBGAR","og_description":"En el escenario digital y global en el que nos encontramos en la actualidad, la libertad de expresi\u00f3n e informaci\u00f3n enfrentan desaf\u00edos sin precedentes que requieren una atenci\u00f3n cr\u00edtica y medidas reflexivas. Estos temas fueron el foco central de nuestro primer seminario online \u201cLibertad de expresi\u00f3n y de informaci\u00f3n en el punto de mira\u201d del proyecto \u201cVoces - Voces de la sociedad civil para una democracia m\u00e1s sustentable: di\u00e1logo entre Europa y Am\u00e9rica Latina\u201d.","og_url":"https:\/\/fibgar.es\/en\/reflexiones-sobre-el-seminario-online-libertad-de-expresion-y-de-informacion-en-el-punto-de-mira\/","og_site_name":"FIBGAR","article_publisher":"https:\/\/www.facebook.com\/Fibgar","article_author":"facebook.com\/Fibgar","article_published_time":"2024-03-08T07:00:00+00:00","article_modified_time":"2024-04-08T10:19:15+00:00","og_image":[{"width":2560,"height":1440,"url":"https:\/\/fibgar.es\/wp-content\/uploads\/2024\/03\/foto-articulo-ingles.png","type":"image\/png"}],"author":"Fibgar","twitter_card":"summary_large_image","twitter_creator":"@fibgar_","twitter_site":"@fibgar_","twitter_misc":{"Written by":"Fibgar","Est. reading time":"3 minutes"},"schema":{"@context":"https:\/\/schema.org","@graph":[{"@type":"Article","@id":"https:\/\/fibgar.es\/en\/reflexiones-sobre-el-seminario-online-libertad-de-expresion-y-de-informacion-en-el-punto-de-mira\/#article","isPartOf":{"@id":"https:\/\/fibgar.es\/en\/reflexiones-sobre-el-seminario-online-libertad-de-expresion-y-de-informacion-en-el-punto-de-mira\/"},"author":{"name":"Fibgar","@id":"https:\/\/fibgar.es\/en\/#\/schema\/person\/c32d1ebcc1653b4a15f8ef621c9575cd"},"headline":"Reflections on the online seminar &#8220;Freedom of expression and information in the spotlight&#8221;","datePublished":"2024-03-08T07:00:00+00:00","dateModified":"2024-04-08T10:19:15+00:00","mainEntityOfPage":{"@id":"https:\/\/fibgar.es\/en\/reflexiones-sobre-el-seminario-online-libertad-de-expresion-y-de-informacion-en-el-punto-de-mira\/"},"wordCount":548,"publisher":{"@id":"https:\/\/fibgar.es\/en\/#organization"},"image":{"@id":"https:\/\/fibgar.es\/en\/reflexiones-sobre-el-seminario-online-libertad-de-expresion-y-de-informacion-en-el-punto-de-mira\/#primaryimage"},"thumbnailUrl":"https:\/\/fibgar.es\/wp-content\/uploads\/2024\/03\/foto-articulo-ingles.png","keywords":["Voces"],"articleSection":["Articles","Art\u00edculos"],"inLanguage":"en-US"},{"@type":"WebPage","@id":"https:\/\/fibgar.es\/en\/reflexiones-sobre-el-seminario-online-libertad-de-expresion-y-de-informacion-en-el-punto-de-mira\/","url":"https:\/\/fibgar.es\/en\/reflexiones-sobre-el-seminario-online-libertad-de-expresion-y-de-informacion-en-el-punto-de-mira\/","name":"Reflections on the online seminar \"Freedom of expression and information in the spotlight\" - FIBGAR","isPartOf":{"@id":"https:\/\/fibgar.es\/en\/#website"},"primaryImageOfPage":{"@id":"https:\/\/fibgar.es\/en\/reflexiones-sobre-el-seminario-online-libertad-de-expresion-y-de-informacion-en-el-punto-de-mira\/#primaryimage"},"image":{"@id":"https:\/\/fibgar.es\/en\/reflexiones-sobre-el-seminario-online-libertad-de-expresion-y-de-informacion-en-el-punto-de-mira\/#primaryimage"},"thumbnailUrl":"https:\/\/fibgar.es\/wp-content\/uploads\/2024\/03\/foto-articulo-ingles.png","datePublished":"2024-03-08T07:00:00+00:00","dateModified":"2024-04-08T10:19:15+00:00","description":"En el escenario digital y global en el que nos encontramos en la actualidad, la libertad de expresi\u00f3n e informaci\u00f3n enfrentan desaf\u00edos sin precedentes que requieren una atenci\u00f3n cr\u00edtica y medidas reflexivas. Estos temas fueron el foco central de nuestro primer seminario online \u201cLibertad de expresi\u00f3n y de informaci\u00f3n en el punto de mira\u201d del proyecto \u201cVoces - Voces de la sociedad civil para una democracia m\u00e1s sustentable: di\u00e1logo entre Europa y Am\u00e9rica Latina\u201d.","breadcrumb":{"@id":"https:\/\/fibgar.es\/en\/reflexiones-sobre-el-seminario-online-libertad-de-expresion-y-de-informacion-en-el-punto-de-mira\/#breadcrumb"},"inLanguage":"en-US","potentialAction":[{"@type":"ReadAction","target":["https:\/\/fibgar.es\/en\/reflexiones-sobre-el-seminario-online-libertad-de-expresion-y-de-informacion-en-el-punto-de-mira\/"]}]},{"@type":"ImageObject","inLanguage":"en-US","@id":"https:\/\/fibgar.es\/en\/reflexiones-sobre-el-seminario-online-libertad-de-expresion-y-de-informacion-en-el-punto-de-mira\/#primaryimage","url":"https:\/\/fibgar.es\/wp-content\/uploads\/2024\/03\/foto-articulo-ingles.png","contentUrl":"https:\/\/fibgar.es\/wp-content\/uploads\/2024\/03\/foto-articulo-ingles.png","width":2560,"height":1440},{"@type":"BreadcrumbList","@id":"https:\/\/fibgar.es\/en\/reflexiones-sobre-el-seminario-online-libertad-de-expresion-y-de-informacion-en-el-punto-de-mira\/#breadcrumb","itemListElement":[{"@type":"ListItem","position":1,"name":"Home","item":"https:\/\/fibgar.es\/en\/"},{"@type":"ListItem","position":2,"name":"Reflections on the online seminar &#8220;Freedom of expression and information in the spotlight&#8221;"}]},{"@type":"WebSite","@id":"https:\/\/fibgar.es\/en\/#website","url":"https:\/\/fibgar.es\/en\/","name":"FIBGAR","description":"Fundaci\u00f3n Internacional Baltasar Garz\u00f3n","publisher":{"@id":"https:\/\/fibgar.es\/en\/#organization"},"alternateName":"FIBGAR","potentialAction":[{"@type":"SearchAction","target":{"@type":"EntryPoint","urlTemplate":"https:\/\/fibgar.es\/en\/?s={search_term_string}"},"query-input":{"@type":"PropertyValueSpecification","valueRequired":true,"valueName":"search_term_string"}}],"inLanguage":"en-US"},{"@type":"Organization","@id":"https:\/\/fibgar.es\/en\/#organization","name":"Fundaci\u00f3n Internacional Baltasar Garz\u00f3n","alternateName":"FIBGAR","url":"https:\/\/fibgar.es\/en\/","logo":{"@type":"ImageObject","inLanguage":"en-US","@id":"https:\/\/fibgar.es\/en\/#\/schema\/logo\/image\/","url":"https:\/\/fibgar.es\/wp-content\/uploads\/2020\/04\/cropped-fibgar-icono.jpeg","contentUrl":"https:\/\/fibgar.es\/wp-content\/uploads\/2020\/04\/cropped-fibgar-icono.jpeg","width":512,"height":512,"caption":"Fundaci\u00f3n Internacional Baltasar Garz\u00f3n"},"image":{"@id":"https:\/\/fibgar.es\/en\/#\/schema\/logo\/image\/"},"sameAs":["https:\/\/www.facebook.com\/Fibgar","https:\/\/x.com\/fibgar_"]},{"@type":"Person","@id":"https:\/\/fibgar.es\/en\/#\/schema\/person\/c32d1ebcc1653b4a15f8ef621c9575cd","name":"Fibgar","sameAs":["facebook.com\/Fibgar","https:\/\/www.instagram.com\/fibgar__\/","https:\/\/www.linkedin.com\/company\/fibgar","https:\/\/x.com\/fibgar_","https:\/\/www.youtube.com\/c\/FIBGARTV\/featured"],"url":"https:\/\/fibgar.es\/en\/author\/fibgarau\/"}]}},"_links":{"self":[{"href":"https:\/\/fibgar.es\/en\/wp-json\/wp\/v2\/posts\/22860","targetHints":{"allow":["GET"]}}],"collection":[{"href":"https:\/\/fibgar.es\/en\/wp-json\/wp\/v2\/posts"}],"about":[{"href":"https:\/\/fibgar.es\/en\/wp-json\/wp\/v2\/types\/post"}],"author":[{"embeddable":true,"href":"https:\/\/fibgar.es\/en\/wp-json\/wp\/v2\/users\/4"}],"replies":[{"embeddable":true,"href":"https:\/\/fibgar.es\/en\/wp-json\/wp\/v2\/comments?post=22860"}],"version-history":[{"count":2,"href":"https:\/\/fibgar.es\/en\/wp-json\/wp\/v2\/posts\/22860\/revisions"}],"predecessor-version":[{"id":22919,"href":"https:\/\/fibgar.es\/en\/wp-json\/wp\/v2\/posts\/22860\/revisions\/22919"}],"wp:featuredmedia":[{"embeddable":true,"href":"https:\/\/fibgar.es\/en\/wp-json\/wp\/v2\/media\/22920"}],"wp:attachment":[{"href":"https:\/\/fibgar.es\/en\/wp-json\/wp\/v2\/media?parent=22860"}],"wp:term":[{"taxonomy":"category","embeddable":true,"href":"https:\/\/fibgar.es\/en\/wp-json\/wp\/v2\/categories?post=22860"},{"taxonomy":"post_tag","embeddable":true,"href":"https:\/\/fibgar.es\/en\/wp-json\/wp\/v2\/tags?post=22860"}],"curies":[{"name":"wp","href":"https:\/\/api.w.org\/{rel}","templated":true}]}}