{"id":23894,"date":"2024-07-08T17:30:00","date_gmt":"2024-07-08T15:30:00","guid":{"rendered":"https:\/\/fibgar.es\/xviii-cursos-de-verano-en-torres-derecho-de-la-ue-y-ods\/"},"modified":"2024-10-30T15:28:39","modified_gmt":"2024-10-30T14:28:39","slug":"xviii-cursos-de-verano-en-torres-derecho-de-la-ue-y-ods","status":"publish","type":"post","link":"https:\/\/fibgar.es\/en\/xviii-cursos-de-verano-en-torres-derecho-de-la-ue-y-ods\/","title":{"rendered":"XVIII cursos de verano en Torres: Derecho de la UE y ODS"},"content":{"rendered":"\n<p>Falta una semana a la <strong>decimoctava edici\u00f3n <\/strong>de los Cursos de Verano, que se celebrar\u00e1n los d\u00edas 15 y 16 de julio en Torres.<\/p>\n\n<p>Desde sus inicios, FIBGAR organiza los Cursos de Verano en la localidad de Torres (Ja\u00e9n), en conjunto con el Centro de Formaci\u00f3n Permanente y Formaci\u00f3n Complementaria de la Universidad de Ja\u00e9n, y la colaboraci\u00f3n de la Diputaci\u00f3n de Ja\u00e9n y del Ayuntamiento de Torres.<\/p>\n\n<p>Esta edici\u00f3n dedicada a <strong>\u201c<em>El Derecho de la Uni\u00f3n Europea ante los Objetivos de Desarrollo Sostenible\u201d <\/em><\/strong>apunta a brindar una profundizaci\u00f3n y actualizaci\u00f3n de calidad en las principales novedades adoptadas por la <strong>\u00faltima legislatura europea<\/strong>, con un \u00e9nfasis pr\u00e1ctico basado en los derechos humanos y el desarrollo sostenible.<\/p>\n\n<p>El desarrollo sostenible es un objetivo prioritario de las pol\u00edticas de la <strong>Uni\u00f3n Europea<\/strong>, que se ha convertido en promotor fundamental de los ODS a trav\u00e9s de diferentes iniciativas estrat\u00e9gicas.<\/p>\n\n<p>En la \u00faltima legislatura se han dado pasos importantes, por ejemplo, con la adopci\u00f3n de la <strong>primera Directiva de la UE sobre violencia de g\u00e9nero<\/strong>, as\u00ed como con la <strong>reforma de la Directiva relativa a la prevenci\u00f3n y lucha contra la trata de seres humanos y la protecci\u00f3n de las v\u00edctimas<\/strong>. Asimismo, se han promovido avances relevantes en tema de los objetivos 13 (acci\u00f3n por el clima), 15 (vida de ecosistemas terrestres) y 16 a trav\u00e9s de la <strong>Directiva revisada sobre la Protecci\u00f3n del medio ambiente a trav\u00e9s del derecho penal<\/strong>, reci\u00e9n aprobada en febrero de 2024, y la <strong>Directiva sobre la Diligencia Debida de las Empresas en Materia de Sostenibilidad<\/strong>. <br\/><br\/>Tambi\u00e9n en 2024 se han realizado importantes avances con la aprobaci\u00f3n de la <strong>Directiva anti-SLAPP<\/strong>, la <strong>Ley de Libertad de los Medios de Comunicaci\u00f3n<\/strong> y la <strong>Ley de Servicios Digitales<\/strong>, la primera norma del mundo en el \u00e1mbito digital que establece obligaciones para las plataformas digitales. Adem\u00e1s, el Parlamento Europeo y el Consejo han llegado a un acuerdo provisional para el paquete de medidas de prevenci\u00f3n de blanqueo de capitales, entre las que figura la llamada <strong>Sexta Directiva<\/strong> y han avanzado las conversaciones acerca de una nueva <strong>Directiva sobre la lucha contra la corrupci\u00f3n<\/strong>. <\/p>\n\n<p>Todos estos temas se tratar\u00e1n de la mano de <strong>profesionales con <\/strong><strong>una extensa experiencia<\/strong> como los profesores de la Universidad de Ja\u00e9n M\u00aa Del Carmen Mu\u00f1oz Rodr\u00edguez, Esther Pomares Cintas e Ignacio Ben\u00edtez Ort\u00fazar; la Jurista y comunicadora especializada en clima y derechos humanos, Irene Rubiera de Felipe; y la profesora de Derecho Internacional P\u00fablico de la Universitat Rovira i Virgili, Maria Marqu\u00e8s Banqu\u00e9.<\/p>\n\n<p>Adem\u00e1s, el alumnado tendr\u00e1 la posibilidad de aprender desde la experiencia de los profesores de la Universidad de Sevilla Mar\u00eda Libia Arenal Lora y Jes\u00fas Ignacio Delgado Rojas; Juan Manuel de Farami\u00f1\u00e1n Fern\u00e1ndez-F\u00edgares, abogado y doctor en Filosof\u00eda y Derecho; y Lisardo Garc\u00eda Rodulfo, abogado y miembro de la Junta Directiva del Grupo de Prevenci\u00f3n del Blanqueo de Capitales del Colegio de Abogados de Granada. El curso concluir\u00e1 con unos talleres pr\u00e1cticos impartido por nuestra directora Alessia Schiavon. <\/p>\n\n<p>El programa puede descargarse <a href=\"https:\/\/www.globenewswire.com\/Tracker?data=qYtYcV4ZwXcgE2rDPa-nVZRDnGekjFrYgUNjRLlyC1U09oQP4dvtRbtQXacK33BbQDSBvHwGyBrATPKXTi871V7H5NJmEGcHiqM86o0D6JZsfKtk5T8DKnglMw64Otr4k_jt8NG6RXy1r3A0RoBkHwtTz0GLQIGm_JdsvQPpDdvAtLPdUNyijMmtHAoHyQLbl7rVudC25uLkd903IehE2QV14tmuEdpohgO5EEAhqBF6tB5yPZgjqj8_iS_eZ1n3SaYeUfp9xomQTE-O8oRoj_pZTedenFFFJOk7bHVekn0towI4-UKJ-gAyTdp-j3Ew3Zp7K30LIDYhL2FiL1Rhc1VgGR7cdX6k1_TV2gSYmL4=\" target=\"_blank\" rel=\"noreferrer noopener\">aqu\u00ed<\/a>.<\/p>\n\n<p>La iniciativa est\u00e1 destinada al alumnado en materias jur\u00eddicas o afines, funcionarios\/as p\u00fablicos, y profesionales de diversas disciplinas que precisan estar al d\u00eda del acontecer de la Uni\u00f3n Europea y con inter\u00e9s en contar con m\u00e1s herramientas para la comprensi\u00f3n y abordaje de temas de actualidad relacionados con los derechos humanos.<\/p>\n\n<p>Pincha <a href=\"https:\/\/www.globenewswire.com\/Tracker?data=qYtYcV4ZwXcgE2rDPa-nVfNbpPdjRBC11lQIW758w5Do60JMRNln_0mgC7dNQRw9YfdMX7kLlsWpyhc_cwGtmTZtgIFO723s1XlfCM6JEqIvVqPznQp5fOReE-Ysli2PvtsYgTY62nYFoUCReHPy7g==\" target=\"_blank\" rel=\"noreferrer noopener\">aqu\u00ed<\/a> para la inscripci\u00f3n.<\/p>\n","protected":false},"excerpt":{"rendered":"<p>Falta una semana a la decimoctava edici\u00f3n de los Cursos de Verano, que se celebrar\u00e1n los d\u00edas 15 y 16 de julio en Torres. Desde sus inicios, FIBGAR organiza los Cursos de Verano en la localidad de Torres (Ja\u00e9n), en conjunto con el Centro de Formaci\u00f3n Permanente y Formaci\u00f3n Complementaria de la Universidad de Ja\u00e9n,&#8230;<\/p>\n","protected":false},"author":1,"featured_media":23463,"comment_status":"closed","ping_status":"closed","sticky":false,"template":"","format":"standard","meta":{"footnotes":""},"categories":[586],"tags":[905,591,903,909,618],"class_list":["post-23894","post","type-post","status-publish","format-standard","has-post-thumbnail","hentry","category-articles","tag-eu-en","tag-human-rights","tag-sustainable-development-goals-en","tag-torres-en","tag-union-europea-en"],"yoast_head":"<!-- This site is optimized with the Yoast SEO plugin v27.4 - https:\/\/yoast.com\/product\/yoast-seo-wordpress\/ -->\n<title>XVIII cursos de verano en Torres: Derecho de la UE y ODS - FIBGAR<\/title>\n<meta name=\"description\" content=\"Falta una semana a la decimoctava edici\u00f3n de los Cursos de Verano, que se celebrar\u00e1n los d\u00edas 15 y 16 de julio en Torres.Desde sus inicios, FIBGAR organiza los Cursos de Verano en la localidad de Torres (Ja\u00e9n), en conjunto con el Centro de Formaci\u00f3n Permanente y Formaci\u00f3n Complementaria de la Universidad de Ja\u00e9n, y la colaboraci\u00f3n de la Diputaci\u00f3n de Ja\u00e9n y del Ayuntamiento de Torres.\" \/>\n<meta name=\"robots\" content=\"index, follow, max-snippet:-1, max-image-preview:large, max-video-preview:-1\" \/>\n<link rel=\"canonical\" href=\"https:\/\/fibgar.es\/en\/xviii-cursos-de-verano-en-torres-derecho-de-la-ue-y-ods\/\" \/>\n<meta property=\"og:locale\" content=\"en_US\" \/>\n<meta property=\"og:type\" content=\"article\" \/>\n<meta property=\"og:title\" content=\"XVIII cursos de verano en Torres: Derecho de la UE y ODS - FIBGAR\" \/>\n<meta property=\"og:description\" content=\"Falta una semana a la decimoctava edici\u00f3n de los Cursos de Verano, que se celebrar\u00e1n los d\u00edas 15 y 16 de julio en Torres.Desde sus inicios, FIBGAR organiza los Cursos de Verano en la localidad de Torres (Ja\u00e9n), en conjunto con el Centro de Formaci\u00f3n Permanente y Formaci\u00f3n Complementaria de la Universidad de Ja\u00e9n, y la colaboraci\u00f3n de la Diputaci\u00f3n de Ja\u00e9n y del Ayuntamiento de Torres.\" \/>\n<meta property=\"og:url\" content=\"https:\/\/fibgar.es\/en\/xviii-cursos-de-verano-en-torres-derecho-de-la-ue-y-ods\/\" \/>\n<meta property=\"og:site_name\" content=\"FIBGAR\" \/>\n<meta property=\"article:publisher\" content=\"https:\/\/www.facebook.com\/Fibgar\" \/>\n<meta property=\"article:published_time\" content=\"2024-07-08T15:30:00+00:00\" \/>\n<meta property=\"article:modified_time\" content=\"2024-10-30T14:28:39+00:00\" \/>\n<meta property=\"og:image\" content=\"https:\/\/fibgar.es\/wp-content\/uploads\/2024\/07\/flyer-torres.png\" \/>\n\t<meta property=\"og:image:width\" content=\"1414\" \/>\n\t<meta property=\"og:image:height\" content=\"2000\" \/>\n\t<meta property=\"og:image:type\" content=\"image\/png\" \/>\n<meta name=\"author\" content=\"Fibgar\" \/>\n<meta name=\"twitter:card\" content=\"summary_large_image\" \/>\n<meta name=\"twitter:creator\" content=\"@fibgar_\" \/>\n<meta name=\"twitter:site\" content=\"@fibgar_\" \/>\n<meta name=\"twitter:label1\" content=\"Written by\" \/>\n\t<meta name=\"twitter:data1\" content=\"Fibgar\" \/>\n\t<meta name=\"twitter:label2\" content=\"Est. reading time\" \/>\n\t<meta name=\"twitter:data2\" content=\"3 minutes\" \/>\n<script type=\"application\/ld+json\" class=\"yoast-schema-graph\">{\"@context\":\"https:\\\/\\\/schema.org\",\"@graph\":[{\"@type\":\"Article\",\"@id\":\"https:\\\/\\\/fibgar.es\\\/en\\\/xviii-cursos-de-verano-en-torres-derecho-de-la-ue-y-ods\\\/#article\",\"isPartOf\":{\"@id\":\"https:\\\/\\\/fibgar.es\\\/en\\\/xviii-cursos-de-verano-en-torres-derecho-de-la-ue-y-ods\\\/\"},\"author\":{\"name\":\"Fibgar\",\"@id\":\"https:\\\/\\\/fibgar.es\\\/en\\\/#\\\/schema\\\/person\\\/4a7e0cad2b7af0b8051fe6609b753361\"},\"headline\":\"XVIII cursos de verano en Torres: Derecho de la UE y ODS\",\"datePublished\":\"2024-07-08T15:30:00+00:00\",\"dateModified\":\"2024-10-30T14:28:39+00:00\",\"mainEntityOfPage\":{\"@id\":\"https:\\\/\\\/fibgar.es\\\/en\\\/xviii-cursos-de-verano-en-torres-derecho-de-la-ue-y-ods\\\/\"},\"wordCount\":621,\"publisher\":{\"@id\":\"https:\\\/\\\/fibgar.es\\\/en\\\/#organization\"},\"image\":{\"@id\":\"https:\\\/\\\/fibgar.es\\\/en\\\/xviii-cursos-de-verano-en-torres-derecho-de-la-ue-y-ods\\\/#primaryimage\"},\"thumbnailUrl\":\"https:\\\/\\\/fibgar.es\\\/wp-content\\\/uploads\\\/2024\\\/07\\\/flyer-torres.png\",\"keywords\":[\"EU\",\"Human Rights\",\"Sustainable Development Goals\",\"Torres\",\"Uni\u00f3n Europea\"],\"articleSection\":[\"Articles\"],\"inLanguage\":\"en-US\"},{\"@type\":\"WebPage\",\"@id\":\"https:\\\/\\\/fibgar.es\\\/en\\\/xviii-cursos-de-verano-en-torres-derecho-de-la-ue-y-ods\\\/\",\"url\":\"https:\\\/\\\/fibgar.es\\\/en\\\/xviii-cursos-de-verano-en-torres-derecho-de-la-ue-y-ods\\\/\",\"name\":\"XVIII cursos de verano en Torres: Derecho de la UE y ODS - FIBGAR\",\"isPartOf\":{\"@id\":\"https:\\\/\\\/fibgar.es\\\/en\\\/#website\"},\"primaryImageOfPage\":{\"@id\":\"https:\\\/\\\/fibgar.es\\\/en\\\/xviii-cursos-de-verano-en-torres-derecho-de-la-ue-y-ods\\\/#primaryimage\"},\"image\":{\"@id\":\"https:\\\/\\\/fibgar.es\\\/en\\\/xviii-cursos-de-verano-en-torres-derecho-de-la-ue-y-ods\\\/#primaryimage\"},\"thumbnailUrl\":\"https:\\\/\\\/fibgar.es\\\/wp-content\\\/uploads\\\/2024\\\/07\\\/flyer-torres.png\",\"datePublished\":\"2024-07-08T15:30:00+00:00\",\"dateModified\":\"2024-10-30T14:28:39+00:00\",\"description\":\"Falta una semana a la decimoctava edici\u00f3n de los Cursos de Verano, que se celebrar\u00e1n los d\u00edas 15 y 16 de julio en Torres.Desde sus inicios, FIBGAR organiza los Cursos de Verano en la localidad de Torres (Ja\u00e9n), en conjunto con el Centro de Formaci\u00f3n Permanente y Formaci\u00f3n Complementaria de la Universidad de Ja\u00e9n, y la colaboraci\u00f3n de la Diputaci\u00f3n de Ja\u00e9n y del Ayuntamiento de Torres.\",\"breadcrumb\":{\"@id\":\"https:\\\/\\\/fibgar.es\\\/en\\\/xviii-cursos-de-verano-en-torres-derecho-de-la-ue-y-ods\\\/#breadcrumb\"},\"inLanguage\":\"en-US\",\"potentialAction\":[{\"@type\":\"ReadAction\",\"target\":[\"https:\\\/\\\/fibgar.es\\\/en\\\/xviii-cursos-de-verano-en-torres-derecho-de-la-ue-y-ods\\\/\"]}]},{\"@type\":\"ImageObject\",\"inLanguage\":\"en-US\",\"@id\":\"https:\\\/\\\/fibgar.es\\\/en\\\/xviii-cursos-de-verano-en-torres-derecho-de-la-ue-y-ods\\\/#primaryimage\",\"url\":\"https:\\\/\\\/fibgar.es\\\/wp-content\\\/uploads\\\/2024\\\/07\\\/flyer-torres.png\",\"contentUrl\":\"https:\\\/\\\/fibgar.es\\\/wp-content\\\/uploads\\\/2024\\\/07\\\/flyer-torres.png\",\"width\":1414,\"height\":2000},{\"@type\":\"BreadcrumbList\",\"@id\":\"https:\\\/\\\/fibgar.es\\\/en\\\/xviii-cursos-de-verano-en-torres-derecho-de-la-ue-y-ods\\\/#breadcrumb\",\"itemListElement\":[{\"@type\":\"ListItem\",\"position\":1,\"name\":\"Home\",\"item\":\"https:\\\/\\\/fibgar.es\\\/en\\\/\"},{\"@type\":\"ListItem\",\"position\":2,\"name\":\"XVIII cursos de verano en Torres: Derecho de la UE y ODS\"}]},{\"@type\":\"WebSite\",\"@id\":\"https:\\\/\\\/fibgar.es\\\/en\\\/#website\",\"url\":\"https:\\\/\\\/fibgar.es\\\/en\\\/\",\"name\":\"FIBGAR\",\"description\":\"Fundaci\u00f3n Internacional Baltasar Garz\u00f3n\",\"publisher\":{\"@id\":\"https:\\\/\\\/fibgar.es\\\/en\\\/#organization\"},\"alternateName\":\"FIBGAR\",\"potentialAction\":[{\"@type\":\"SearchAction\",\"target\":{\"@type\":\"EntryPoint\",\"urlTemplate\":\"https:\\\/\\\/fibgar.es\\\/en\\\/?s={search_term_string}\"},\"query-input\":{\"@type\":\"PropertyValueSpecification\",\"valueRequired\":true,\"valueName\":\"search_term_string\"}}],\"inLanguage\":\"en-US\"},{\"@type\":\"Organization\",\"@id\":\"https:\\\/\\\/fibgar.es\\\/en\\\/#organization\",\"name\":\"Fundaci\u00f3n Internacional Baltasar Garz\u00f3n\",\"alternateName\":\"FIBGAR\",\"url\":\"https:\\\/\\\/fibgar.es\\\/en\\\/\",\"logo\":{\"@type\":\"ImageObject\",\"inLanguage\":\"en-US\",\"@id\":\"https:\\\/\\\/fibgar.es\\\/en\\\/#\\\/schema\\\/logo\\\/image\\\/\",\"url\":\"https:\\\/\\\/fibgar.es\\\/wp-content\\\/uploads\\\/2020\\\/04\\\/cropped-fibgar-icono.jpeg\",\"contentUrl\":\"https:\\\/\\\/fibgar.es\\\/wp-content\\\/uploads\\\/2020\\\/04\\\/cropped-fibgar-icono.jpeg\",\"width\":512,\"height\":512,\"caption\":\"Fundaci\u00f3n Internacional Baltasar Garz\u00f3n\"},\"image\":{\"@id\":\"https:\\\/\\\/fibgar.es\\\/en\\\/#\\\/schema\\\/logo\\\/image\\\/\"},\"sameAs\":[\"https:\\\/\\\/www.facebook.com\\\/Fibgar\",\"https:\\\/\\\/x.com\\\/fibgar_\"]},{\"@type\":\"Person\",\"@id\":\"https:\\\/\\\/fibgar.es\\\/en\\\/#\\\/schema\\\/person\\\/4a7e0cad2b7af0b8051fe6609b753361\",\"name\":\"Fibgar\",\"url\":\"https:\\\/\\\/fibgar.es\\\/en\\\/author\\\/fibgaradmin\\\/\"}]}<\/script>\n<!-- \/ Yoast SEO plugin. -->","yoast_head_json":{"title":"XVIII cursos de verano en Torres: Derecho de la UE y ODS - FIBGAR","description":"Falta una semana a la decimoctava edici\u00f3n de los Cursos de Verano, que se celebrar\u00e1n los d\u00edas 15 y 16 de julio en Torres.Desde sus inicios, FIBGAR organiza los Cursos de Verano en la localidad de Torres (Ja\u00e9n), en conjunto con el Centro de Formaci\u00f3n Permanente y Formaci\u00f3n Complementaria de la Universidad de Ja\u00e9n, y la colaboraci\u00f3n de la Diputaci\u00f3n de Ja\u00e9n y del Ayuntamiento de Torres.","robots":{"index":"index","follow":"follow","max-snippet":"max-snippet:-1","max-image-preview":"max-image-preview:large","max-video-preview":"max-video-preview:-1"},"canonical":"https:\/\/fibgar.es\/en\/xviii-cursos-de-verano-en-torres-derecho-de-la-ue-y-ods\/","og_locale":"en_US","og_type":"article","og_title":"XVIII cursos de verano en Torres: Derecho de la UE y ODS - FIBGAR","og_description":"Falta una semana a la decimoctava edici\u00f3n de los Cursos de Verano, que se celebrar\u00e1n los d\u00edas 15 y 16 de julio en Torres.Desde sus inicios, FIBGAR organiza los Cursos de Verano en la localidad de Torres (Ja\u00e9n), en conjunto con el Centro de Formaci\u00f3n Permanente y Formaci\u00f3n Complementaria de la Universidad de Ja\u00e9n, y la colaboraci\u00f3n de la Diputaci\u00f3n de Ja\u00e9n y del Ayuntamiento de Torres.","og_url":"https:\/\/fibgar.es\/en\/xviii-cursos-de-verano-en-torres-derecho-de-la-ue-y-ods\/","og_site_name":"FIBGAR","article_publisher":"https:\/\/www.facebook.com\/Fibgar","article_published_time":"2024-07-08T15:30:00+00:00","article_modified_time":"2024-10-30T14:28:39+00:00","og_image":[{"width":1414,"height":2000,"url":"https:\/\/fibgar.es\/wp-content\/uploads\/2024\/07\/flyer-torres.png","type":"image\/png"}],"author":"Fibgar","twitter_card":"summary_large_image","twitter_creator":"@fibgar_","twitter_site":"@fibgar_","twitter_misc":{"Written by":"Fibgar","Est. reading time":"3 minutes"},"schema":{"@context":"https:\/\/schema.org","@graph":[{"@type":"Article","@id":"https:\/\/fibgar.es\/en\/xviii-cursos-de-verano-en-torres-derecho-de-la-ue-y-ods\/#article","isPartOf":{"@id":"https:\/\/fibgar.es\/en\/xviii-cursos-de-verano-en-torres-derecho-de-la-ue-y-ods\/"},"author":{"name":"Fibgar","@id":"https:\/\/fibgar.es\/en\/#\/schema\/person\/4a7e0cad2b7af0b8051fe6609b753361"},"headline":"XVIII cursos de verano en Torres: Derecho de la UE y ODS","datePublished":"2024-07-08T15:30:00+00:00","dateModified":"2024-10-30T14:28:39+00:00","mainEntityOfPage":{"@id":"https:\/\/fibgar.es\/en\/xviii-cursos-de-verano-en-torres-derecho-de-la-ue-y-ods\/"},"wordCount":621,"publisher":{"@id":"https:\/\/fibgar.es\/en\/#organization"},"image":{"@id":"https:\/\/fibgar.es\/en\/xviii-cursos-de-verano-en-torres-derecho-de-la-ue-y-ods\/#primaryimage"},"thumbnailUrl":"https:\/\/fibgar.es\/wp-content\/uploads\/2024\/07\/flyer-torres.png","keywords":["EU","Human Rights","Sustainable Development Goals","Torres","Uni\u00f3n Europea"],"articleSection":["Articles"],"inLanguage":"en-US"},{"@type":"WebPage","@id":"https:\/\/fibgar.es\/en\/xviii-cursos-de-verano-en-torres-derecho-de-la-ue-y-ods\/","url":"https:\/\/fibgar.es\/en\/xviii-cursos-de-verano-en-torres-derecho-de-la-ue-y-ods\/","name":"XVIII cursos de verano en Torres: Derecho de la UE y ODS - FIBGAR","isPartOf":{"@id":"https:\/\/fibgar.es\/en\/#website"},"primaryImageOfPage":{"@id":"https:\/\/fibgar.es\/en\/xviii-cursos-de-verano-en-torres-derecho-de-la-ue-y-ods\/#primaryimage"},"image":{"@id":"https:\/\/fibgar.es\/en\/xviii-cursos-de-verano-en-torres-derecho-de-la-ue-y-ods\/#primaryimage"},"thumbnailUrl":"https:\/\/fibgar.es\/wp-content\/uploads\/2024\/07\/flyer-torres.png","datePublished":"2024-07-08T15:30:00+00:00","dateModified":"2024-10-30T14:28:39+00:00","description":"Falta una semana a la decimoctava edici\u00f3n de los Cursos de Verano, que se celebrar\u00e1n los d\u00edas 15 y 16 de julio en Torres.Desde sus inicios, FIBGAR organiza los Cursos de Verano en la localidad de Torres (Ja\u00e9n), en conjunto con el Centro de Formaci\u00f3n Permanente y Formaci\u00f3n Complementaria de la Universidad de Ja\u00e9n, y la colaboraci\u00f3n de la Diputaci\u00f3n de Ja\u00e9n y del Ayuntamiento de Torres.","breadcrumb":{"@id":"https:\/\/fibgar.es\/en\/xviii-cursos-de-verano-en-torres-derecho-de-la-ue-y-ods\/#breadcrumb"},"inLanguage":"en-US","potentialAction":[{"@type":"ReadAction","target":["https:\/\/fibgar.es\/en\/xviii-cursos-de-verano-en-torres-derecho-de-la-ue-y-ods\/"]}]},{"@type":"ImageObject","inLanguage":"en-US","@id":"https:\/\/fibgar.es\/en\/xviii-cursos-de-verano-en-torres-derecho-de-la-ue-y-ods\/#primaryimage","url":"https:\/\/fibgar.es\/wp-content\/uploads\/2024\/07\/flyer-torres.png","contentUrl":"https:\/\/fibgar.es\/wp-content\/uploads\/2024\/07\/flyer-torres.png","width":1414,"height":2000},{"@type":"BreadcrumbList","@id":"https:\/\/fibgar.es\/en\/xviii-cursos-de-verano-en-torres-derecho-de-la-ue-y-ods\/#breadcrumb","itemListElement":[{"@type":"ListItem","position":1,"name":"Home","item":"https:\/\/fibgar.es\/en\/"},{"@type":"ListItem","position":2,"name":"XVIII cursos de verano en Torres: Derecho de la UE y ODS"}]},{"@type":"WebSite","@id":"https:\/\/fibgar.es\/en\/#website","url":"https:\/\/fibgar.es\/en\/","name":"FIBGAR","description":"Fundaci\u00f3n Internacional Baltasar Garz\u00f3n","publisher":{"@id":"https:\/\/fibgar.es\/en\/#organization"},"alternateName":"FIBGAR","potentialAction":[{"@type":"SearchAction","target":{"@type":"EntryPoint","urlTemplate":"https:\/\/fibgar.es\/en\/?s={search_term_string}"},"query-input":{"@type":"PropertyValueSpecification","valueRequired":true,"valueName":"search_term_string"}}],"inLanguage":"en-US"},{"@type":"Organization","@id":"https:\/\/fibgar.es\/en\/#organization","name":"Fundaci\u00f3n Internacional Baltasar Garz\u00f3n","alternateName":"FIBGAR","url":"https:\/\/fibgar.es\/en\/","logo":{"@type":"ImageObject","inLanguage":"en-US","@id":"https:\/\/fibgar.es\/en\/#\/schema\/logo\/image\/","url":"https:\/\/fibgar.es\/wp-content\/uploads\/2020\/04\/cropped-fibgar-icono.jpeg","contentUrl":"https:\/\/fibgar.es\/wp-content\/uploads\/2020\/04\/cropped-fibgar-icono.jpeg","width":512,"height":512,"caption":"Fundaci\u00f3n Internacional Baltasar Garz\u00f3n"},"image":{"@id":"https:\/\/fibgar.es\/en\/#\/schema\/logo\/image\/"},"sameAs":["https:\/\/www.facebook.com\/Fibgar","https:\/\/x.com\/fibgar_"]},{"@type":"Person","@id":"https:\/\/fibgar.es\/en\/#\/schema\/person\/4a7e0cad2b7af0b8051fe6609b753361","name":"Fibgar","url":"https:\/\/fibgar.es\/en\/author\/fibgaradmin\/"}]}},"_links":{"self":[{"href":"https:\/\/fibgar.es\/en\/wp-json\/wp\/v2\/posts\/23894","targetHints":{"allow":["GET"]}}],"collection":[{"href":"https:\/\/fibgar.es\/en\/wp-json\/wp\/v2\/posts"}],"about":[{"href":"https:\/\/fibgar.es\/en\/wp-json\/wp\/v2\/types\/post"}],"author":[{"embeddable":true,"href":"https:\/\/fibgar.es\/en\/wp-json\/wp\/v2\/users\/1"}],"replies":[{"embeddable":true,"href":"https:\/\/fibgar.es\/en\/wp-json\/wp\/v2\/comments?post=23894"}],"version-history":[{"count":1,"href":"https:\/\/fibgar.es\/en\/wp-json\/wp\/v2\/posts\/23894\/revisions"}],"predecessor-version":[{"id":23895,"href":"https:\/\/fibgar.es\/en\/wp-json\/wp\/v2\/posts\/23894\/revisions\/23895"}],"wp:featuredmedia":[{"embeddable":true,"href":"https:\/\/fibgar.es\/en\/wp-json\/wp\/v2\/media\/23463"}],"wp:attachment":[{"href":"https:\/\/fibgar.es\/en\/wp-json\/wp\/v2\/media?parent=23894"}],"wp:term":[{"taxonomy":"category","embeddable":true,"href":"https:\/\/fibgar.es\/en\/wp-json\/wp\/v2\/categories?post=23894"},{"taxonomy":"post_tag","embeddable":true,"href":"https:\/\/fibgar.es\/en\/wp-json\/wp\/v2\/tags?post=23894"}],"curies":[{"name":"wp","href":"https:\/\/api.w.org\/{rel}","templated":true}]}}