{"id":24095,"date":"2024-12-10T18:31:04","date_gmt":"2024-12-10T17:31:04","guid":{"rendered":"https:\/\/fibgar.es\/day-of-remembrance-and-tribute-to-the-victims-of-the-military-coup-the-civil-war-and-the-dictatorship\/"},"modified":"2024-12-10T18:35:26","modified_gmt":"2024-12-10T17:35:26","slug":"day-of-remembrance-and-tribute-to-the-victims-of-the-military-coup-the-civil-war-and-the-dictatorship","status":"publish","type":"post","link":"https:\/\/fibgar.es\/en\/day-of-remembrance-and-tribute-to-the-victims-of-the-military-coup-the-civil-war-and-the-dictatorship\/","title":{"rendered":"Day of remembrance and tribute to the victims of the military coup, the Civil War and the Dictatorship."},"content":{"rendered":"\n<p class=\"has-text-color has-link-color wp-elements-2895791c8101282eeac17df4c9758d07\" style=\"color:#4a4a4a\">Today, December 10, 2024, the event was held on the occasion of the <strong>Day of remembrance and tribute to the victims of the military coup, the Civil War and the Dictatorship<\/strong>, included in the <a href=\"https:\/\/www.boe.es\/buscar\/act.php?id=BOE-A-2022-17099\" target=\"_blank\" rel=\"noreferrer noopener\">Law of Democratic Memory 20\/2022<\/a> to be held on October 31 of each year, but has been postponed due to what happened in Valencia.<\/p>\n\n<p>It is no coincidence that this event was held on December 10, <strong>International Human Rights Day<\/strong>. In Spain, democratic memory continues to be a phenomenon that has to do with the present but is still anchored in the past, without a symbolic closure that would allow us to continue working towards the future. <\/p>\n\n<p>Under the framework of Human Rights, the <strong>right to justice<\/strong>, the <strong>right to know the truth<\/strong>, the <strong>right to reparation<\/strong>, and the <strong>right to memory<\/strong>, both individual and collective, are included. Thus, this event of homage to the victims and survivors of the most tragic period of our recent history has become a solemn act of reparation and memory. <\/p>\n\n<p>This event, organized by the Ministry of Territorial Policy and Democratic Memory, was held at the <a href=\"https:\/\/www.youtube.com\/watch?v=MDCMJc7NgSk\" target=\"_blank\" rel=\"noreferrer noopener\">National Auditorium in Madrid<\/a>, with the presence of <strong>I\u00f1aki Gabilondo <\/strong>as presenter, <strong>Miguel R\u00edos<\/strong>, who closed the event, and the President of the Government, <strong>Pedro S\u00e1nchez<\/strong>, together with the Minister of Territorial Policy and Democratic Memory, <strong>\u00c1ngel V\u00edctor Torres<\/strong>, who granted Declarations of Reparation to 20 victims and\/or survivors of the Civil War and Francoism.<\/p>\n\n<p>These persons are:<\/p>\n\n<ul class=\"wp-block-list\">\n<li><strong>Miguel Hern\u00e1ndez Gilabert<\/strong>: poet and playwright originally from Orihuela, sentenced to death penalty commuted to thirty years, leaving him to die of tuberculosis in prison in April 1942.<\/li>\n<\/ul>\n\n<ul class=\"wp-block-list\">\n<li><strong>Mar\u00eda Zambrano Alarc\u00f3n<\/strong>: assistant professor of the Chair of Metaphysics at the Central University, exiled in different countries, later being awarded the Prince of Asturias Prize in 1981 and the Miguel de Cervantes Prize for Literature in 1988.<\/li>\n<\/ul>\n\n<ul class=\"wp-block-list\">\n<li><strong>Blas Infante P\u00e9rez de Vargas<\/strong>: Andalusian politician, writer and intellectual, he was arrested by a group of Falangists and imprisoned in Seville, on the road to Carmona, where he was finally shot.<\/li>\n<\/ul>\n\n<ul class=\"wp-block-list\">\n<li><strong>Mar\u00eda Egea Mu\u00f1oz de Zafra<\/strong>: she lived in exile from the age of five, when her family had to embark on the Stanbrook bound for Oran, where they were interned in a prison while her father was sent to several Algerian concentration camps. He remained living in Algeria until he moved to Paris, where he lives today. <\/li>\n<\/ul>\n\n<ul class=\"wp-block-list\">\n<li><strong>Alexandre B\u00f3veda Iglesias<\/strong>: Republican and Galician politician, secretary of organization of the Galician Party, member of the commission that drafted the Statute of Galicia in 1932. He was imprisoned by the rebels in July 1936 and finally executed on August 17 of the same year. <\/li>\n<\/ul>\n\n<ul class=\"wp-block-list\">\n<li><strong>Pino Sosa Sosa<\/strong>: fighter for democratic memory, in the search to find the remains of her father, who was arrested after the coup d&#8217;\u00e9tat in July 1936. In 2017, her father&#8217;s remains were found in the Tenoya well along with 14 other victims. <\/li>\n<\/ul>\n\n<ul class=\"wp-block-list\">\n<li><strong>Juli\u00e1n Zugazagoitia Mendieta<\/strong>: deputy for Badajoz in 1931 and in 1936 for Bilbao, at the end of the War he had to go into exile in France where he was arrested by the Gestapo and handed over to the Spanish authorities in 1940. He was condemned to death and shot on November 9 of that same year. <\/li>\n<\/ul>\n\n<ul class=\"wp-block-list\">\n<li><strong>Carmen Hombre Ponzoa and Juan M\u00e1ximo Salazar<\/strong>: Carmen was a teacher and trade unionist affiliated to the UGT and Juan was a councilman in El Puerto de Santa Mar\u00eda and secretary of the Socialist Association of Jerez de la Frontera. During the dictatorship, both were imprisoned and executed, Carmen being 8 months pregnant. <\/li>\n<\/ul>\n\n<ul class=\"wp-block-list\">\n<li><strong>Enrique Ruano Casanova<\/strong>: student in 1969, arrested with his girlfriend Dolores Gonz\u00e1lez Ruiz by the Political Social Brigade of the dictatorship. Tortured and thrown out of a window, he was a symbol of student resistance and repression by the regime. <\/li>\n<\/ul>\n\n<ul class=\"wp-block-list\">\n<li><strong>\u00c1ngeles Fl\u00f3rez Pe\u00f3n, &#8220;Maricuela&#8221;:<\/strong> known as &#8220;the last militia member&#8221;, affiliated to the Socialist Youth in 1936, she was arrested and sentenced to 9 years in prison after the fall of Asturias. In 1948, she left with her husband Graciano Rozana for France, from where she returned in 2004 until her death last May. <\/li>\n<\/ul>\n\n<ul class=\"wp-block-list\">\n<li><strong>Francisco Javier Elola y D\u00edaz Varela<\/strong>: Magistrate of the Supreme Court, member of the Legal Commission in charge of drafting the preliminary draft of the 1931 Constitution and deputy for Lugo in the elections to the Constituent Courts during the Second Republic, when he served as attorney general. He was executed on May 12, 1939 in Barcelona. <\/li>\n<\/ul>\n\n<ul class=\"wp-block-list\">\n<li><strong>Basilio Blasco Lahoz<\/strong>: exiled with his family after the outbreak of the war due to his left-wing Republican militancy. In 1939, he was interned in several concentration camps in France and transferred to Mauthausen with the number 3479. He finally died in the Gusen concentration camp in 1939.  <\/li>\n<\/ul>\n\n<ul class=\"wp-block-list\">\n<li><strong>Vicente Aleixandre y Merlo<\/strong>: poet of the generation of 27, he remained in Spain after the war, very affected by the deaths of Lorca and Miguel Hernandez. In 1949 he was named Acad\u00e9mico de la Lengua and in 1977 he was awarded the Nobel Prize for Literature. <\/li>\n<\/ul>\n\n<ul class=\"wp-block-list\">\n<li><strong>Joaqu\u00edn Amigo Aguado<\/strong>: writer, professor and philosopher from Granada, friend of Federico Garc\u00eda Lorca and disciple of Ortega y Gasset. Catholic and conservative, he was assassinated by militiamen when he was thrown down the Tajo de Ronda at the end of August 1936. <\/li>\n<\/ul>\n\n<ul class=\"wp-block-list\">\n<li><strong>Conchita Viera Nevado<\/strong>: her life has been marked by the murder of her father, Amado Viera, mayor of Valencia de Alc\u00e1ntara, at the hands of the Falangists in 1936, when she was only three years old. Another 48 people were thrown into the Terr\u00eda mine along with her father, who 81 years later have been exhumed thanks to Conchita&#8217;s struggle to recover their memories. <\/li>\n<\/ul>\n\n<ul class=\"wp-block-list\">\n<li><strong>Xos\u00e9 Fortes Bouz\u00e1n<\/strong>: career military officer and founding member of the Democratic Military Union, sentenced to four years in prison and expulsion from the Armed Forces for defending the democratization of the army and freedoms in Spain. Ten years later he was able to rejoin the army after being amnestied. <\/li>\n<\/ul>\n\n<ul class=\"wp-block-list\">\n<li><strong>Consuelo Berges R\u00e1bado<\/strong>: translator, journalist, writer and biographer, she defended her libertarian ideas and the women&#8217;s vote advocated by Clara Campoamor in the Congress of Deputies. She was a member of the Masonic Lodge of Adoption Amor de Madrid, where she focused on equal Masonic rights for men and women. <\/li>\n<\/ul>\n\n<ul class=\"wp-block-list\">\n<li><strong>Luis P\u00e9rez Lara<\/strong>: fighter for the establishment of democracy and freedoms in Spain, he was sentenced to 13 years and one day, of which he served seven in various prisons, and was also the driving force behind the first association of political prisoners in Spain.<\/li>\n<\/ul>\n\n<ul class=\"wp-block-list\">\n<li><strong>Miguel de Molina<\/strong>: artist, singer and dancer, was kidnapped in his dressing room, beaten, had his head shaved and was forced to drink castor oil before being abandoned. He went into exile in Argentina in 1942 where he died in 1993, and whose remains lie in the Actors&#8217; Pantheon in the Chacarita cemetery in Buenos Aires. <\/li>\n<\/ul>\n\n<ul class=\"wp-block-list\">\n<li><strong>Justa Freire M\u00e9ndez<\/strong>: teacher and pedagogue, at the end of the war she was sentenced to six years in prison, two of which she was incarcerated in the Women&#8217;s Prison of Las Ventas.<\/li>\n<\/ul>\n\n<p class=\"has-text-color has-link-color wp-elements-794d5746ad72b6efa508dddf7bc9a414\" style=\"color:#4a4a4a\">Now more than ever, a time in which there are revisionist and whitewashing tendencies of history, their testimonies and the stories of their lives are more necessary than ever. These people and their families have today received a small part of what <strong>each of them has meant and means for the democratic memory <\/strong>of Spain. <\/p>\n\n<blockquote class=\"wp-block-quote is-layout-flow wp-block-quote-is-layout-flow\">\n<p><\/p>\n<\/blockquote>\n","protected":false},"excerpt":{"rendered":"<p>On December 10, 2024, the event was held on the occasion of the Day of Remembrance and Tribute to the victims of the military coup, the Civil War and the Dictatorship.<\/p>\n","protected":false},"author":1,"featured_media":24086,"comment_status":"closed","ping_status":"closed","sticky":false,"template":"","format":"standard","meta":{"footnotes":""},"categories":[586],"tags":[807],"class_list":["post-24095","post","type-post","status-publish","format-standard","has-post-thumbnail","hentry","category-articles","tag-memoria-democratica-en"],"yoast_head":"<!-- This site is optimized with the Yoast SEO plugin v27.4 - https:\/\/yoast.com\/product\/yoast-seo-wordpress\/ -->\n<title>Day of remembrance and tribute to the victims of the military coup, the Civil War and the Dictatorship. - FIBGAR<\/title>\n<meta name=\"description\" content=\"On December 10, 2024, the event was held on the occasion of the Day of Remembrance and Tribute to the victims of the military coup, the Civil War and the Dictatorship.\" \/>\n<meta name=\"robots\" content=\"index, follow, max-snippet:-1, max-image-preview:large, max-video-preview:-1\" \/>\n<link rel=\"canonical\" href=\"https:\/\/fibgar.es\/en\/day-of-remembrance-and-tribute-to-the-victims-of-the-military-coup-the-civil-war-and-the-dictatorship\/\" \/>\n<meta property=\"og:locale\" content=\"en_US\" \/>\n<meta property=\"og:type\" content=\"article\" \/>\n<meta property=\"og:title\" content=\"Day of remembrance and tribute to the victims of the military coup, the Civil War and the Dictatorship. - FIBGAR\" \/>\n<meta property=\"og:description\" content=\"On December 10, 2024, the event was held on the occasion of the Day of Remembrance and Tribute to the victims of the military coup, the Civil War and the Dictatorship.\" \/>\n<meta property=\"og:url\" content=\"https:\/\/fibgar.es\/en\/day-of-remembrance-and-tribute-to-the-victims-of-the-military-coup-the-civil-war-and-the-dictatorship\/\" \/>\n<meta property=\"og:site_name\" content=\"FIBGAR\" \/>\n<meta property=\"article:publisher\" content=\"https:\/\/www.facebook.com\/Fibgar\" \/>\n<meta property=\"article:published_time\" content=\"2024-12-10T17:31:04+00:00\" \/>\n<meta property=\"article:modified_time\" content=\"2024-12-10T17:35:26+00:00\" \/>\n<meta property=\"og:image\" content=\"https:\/\/fibgar.es\/wp-content\/uploads\/2024\/12\/IMG_8384.jpg\" \/>\n\t<meta property=\"og:image:width\" content=\"1000\" \/>\n\t<meta property=\"og:image:height\" content=\"1333\" \/>\n\t<meta property=\"og:image:type\" content=\"image\/jpeg\" \/>\n<meta name=\"author\" content=\"Fibgar\" \/>\n<meta name=\"twitter:card\" content=\"summary_large_image\" \/>\n<meta name=\"twitter:creator\" content=\"@fibgar_\" \/>\n<meta name=\"twitter:site\" content=\"@fibgar_\" \/>\n<meta name=\"twitter:label1\" content=\"Written by\" \/>\n\t<meta name=\"twitter:data1\" content=\"Fibgar\" \/>\n\t<meta name=\"twitter:label2\" content=\"Est. reading time\" \/>\n\t<meta name=\"twitter:data2\" content=\"6 minutes\" \/>\n<script type=\"application\/ld+json\" class=\"yoast-schema-graph\">{\"@context\":\"https:\\\/\\\/schema.org\",\"@graph\":[{\"@type\":\"Article\",\"@id\":\"https:\\\/\\\/fibgar.es\\\/en\\\/day-of-remembrance-and-tribute-to-the-victims-of-the-military-coup-the-civil-war-and-the-dictatorship\\\/#article\",\"isPartOf\":{\"@id\":\"https:\\\/\\\/fibgar.es\\\/en\\\/day-of-remembrance-and-tribute-to-the-victims-of-the-military-coup-the-civil-war-and-the-dictatorship\\\/\"},\"author\":{\"name\":\"Fibgar\",\"@id\":\"https:\\\/\\\/fibgar.es\\\/en\\\/#\\\/schema\\\/person\\\/4a7e0cad2b7af0b8051fe6609b753361\"},\"headline\":\"Day of remembrance and tribute to the victims of the military coup, the Civil War and the Dictatorship.\",\"datePublished\":\"2024-12-10T17:31:04+00:00\",\"dateModified\":\"2024-12-10T17:35:26+00:00\",\"mainEntityOfPage\":{\"@id\":\"https:\\\/\\\/fibgar.es\\\/en\\\/day-of-remembrance-and-tribute-to-the-victims-of-the-military-coup-the-civil-war-and-the-dictatorship\\\/\"},\"wordCount\":1249,\"publisher\":{\"@id\":\"https:\\\/\\\/fibgar.es\\\/en\\\/#organization\"},\"image\":{\"@id\":\"https:\\\/\\\/fibgar.es\\\/en\\\/day-of-remembrance-and-tribute-to-the-victims-of-the-military-coup-the-civil-war-and-the-dictatorship\\\/#primaryimage\"},\"thumbnailUrl\":\"https:\\\/\\\/fibgar.es\\\/wp-content\\\/uploads\\\/2024\\\/12\\\/IMG_8384.jpg\",\"keywords\":[\"Memoria Democr\u00e1tica\"],\"articleSection\":[\"Articles\"],\"inLanguage\":\"en-US\"},{\"@type\":\"WebPage\",\"@id\":\"https:\\\/\\\/fibgar.es\\\/en\\\/day-of-remembrance-and-tribute-to-the-victims-of-the-military-coup-the-civil-war-and-the-dictatorship\\\/\",\"url\":\"https:\\\/\\\/fibgar.es\\\/en\\\/day-of-remembrance-and-tribute-to-the-victims-of-the-military-coup-the-civil-war-and-the-dictatorship\\\/\",\"name\":\"Day of remembrance and tribute to the victims of the military coup, the Civil War and the Dictatorship. - FIBGAR\",\"isPartOf\":{\"@id\":\"https:\\\/\\\/fibgar.es\\\/en\\\/#website\"},\"primaryImageOfPage\":{\"@id\":\"https:\\\/\\\/fibgar.es\\\/en\\\/day-of-remembrance-and-tribute-to-the-victims-of-the-military-coup-the-civil-war-and-the-dictatorship\\\/#primaryimage\"},\"image\":{\"@id\":\"https:\\\/\\\/fibgar.es\\\/en\\\/day-of-remembrance-and-tribute-to-the-victims-of-the-military-coup-the-civil-war-and-the-dictatorship\\\/#primaryimage\"},\"thumbnailUrl\":\"https:\\\/\\\/fibgar.es\\\/wp-content\\\/uploads\\\/2024\\\/12\\\/IMG_8384.jpg\",\"datePublished\":\"2024-12-10T17:31:04+00:00\",\"dateModified\":\"2024-12-10T17:35:26+00:00\",\"description\":\"On December 10, 2024, the event was held on the occasion of the Day of Remembrance and Tribute to the victims of the military coup, the Civil War and the Dictatorship.\",\"breadcrumb\":{\"@id\":\"https:\\\/\\\/fibgar.es\\\/en\\\/day-of-remembrance-and-tribute-to-the-victims-of-the-military-coup-the-civil-war-and-the-dictatorship\\\/#breadcrumb\"},\"inLanguage\":\"en-US\",\"potentialAction\":[{\"@type\":\"ReadAction\",\"target\":[\"https:\\\/\\\/fibgar.es\\\/en\\\/day-of-remembrance-and-tribute-to-the-victims-of-the-military-coup-the-civil-war-and-the-dictatorship\\\/\"]}]},{\"@type\":\"ImageObject\",\"inLanguage\":\"en-US\",\"@id\":\"https:\\\/\\\/fibgar.es\\\/en\\\/day-of-remembrance-and-tribute-to-the-victims-of-the-military-coup-the-civil-war-and-the-dictatorship\\\/#primaryimage\",\"url\":\"https:\\\/\\\/fibgar.es\\\/wp-content\\\/uploads\\\/2024\\\/12\\\/IMG_8384.jpg\",\"contentUrl\":\"https:\\\/\\\/fibgar.es\\\/wp-content\\\/uploads\\\/2024\\\/12\\\/IMG_8384.jpg\",\"width\":1000,\"height\":1333},{\"@type\":\"BreadcrumbList\",\"@id\":\"https:\\\/\\\/fibgar.es\\\/en\\\/day-of-remembrance-and-tribute-to-the-victims-of-the-military-coup-the-civil-war-and-the-dictatorship\\\/#breadcrumb\",\"itemListElement\":[{\"@type\":\"ListItem\",\"position\":1,\"name\":\"Home\",\"item\":\"https:\\\/\\\/fibgar.es\\\/en\\\/\"},{\"@type\":\"ListItem\",\"position\":2,\"name\":\"Day of remembrance and tribute to the victims of the military coup, the Civil War and the Dictatorship.\"}]},{\"@type\":\"WebSite\",\"@id\":\"https:\\\/\\\/fibgar.es\\\/en\\\/#website\",\"url\":\"https:\\\/\\\/fibgar.es\\\/en\\\/\",\"name\":\"FIBGAR\",\"description\":\"Fundaci\u00f3n Internacional Baltasar Garz\u00f3n\",\"publisher\":{\"@id\":\"https:\\\/\\\/fibgar.es\\\/en\\\/#organization\"},\"alternateName\":\"FIBGAR\",\"potentialAction\":[{\"@type\":\"SearchAction\",\"target\":{\"@type\":\"EntryPoint\",\"urlTemplate\":\"https:\\\/\\\/fibgar.es\\\/en\\\/?s={search_term_string}\"},\"query-input\":{\"@type\":\"PropertyValueSpecification\",\"valueRequired\":true,\"valueName\":\"search_term_string\"}}],\"inLanguage\":\"en-US\"},{\"@type\":\"Organization\",\"@id\":\"https:\\\/\\\/fibgar.es\\\/en\\\/#organization\",\"name\":\"Fundaci\u00f3n Internacional Baltasar Garz\u00f3n\",\"alternateName\":\"FIBGAR\",\"url\":\"https:\\\/\\\/fibgar.es\\\/en\\\/\",\"logo\":{\"@type\":\"ImageObject\",\"inLanguage\":\"en-US\",\"@id\":\"https:\\\/\\\/fibgar.es\\\/en\\\/#\\\/schema\\\/logo\\\/image\\\/\",\"url\":\"https:\\\/\\\/fibgar.es\\\/wp-content\\\/uploads\\\/2020\\\/04\\\/cropped-fibgar-icono.jpeg\",\"contentUrl\":\"https:\\\/\\\/fibgar.es\\\/wp-content\\\/uploads\\\/2020\\\/04\\\/cropped-fibgar-icono.jpeg\",\"width\":512,\"height\":512,\"caption\":\"Fundaci\u00f3n Internacional Baltasar Garz\u00f3n\"},\"image\":{\"@id\":\"https:\\\/\\\/fibgar.es\\\/en\\\/#\\\/schema\\\/logo\\\/image\\\/\"},\"sameAs\":[\"https:\\\/\\\/www.facebook.com\\\/Fibgar\",\"https:\\\/\\\/x.com\\\/fibgar_\"]},{\"@type\":\"Person\",\"@id\":\"https:\\\/\\\/fibgar.es\\\/en\\\/#\\\/schema\\\/person\\\/4a7e0cad2b7af0b8051fe6609b753361\",\"name\":\"Fibgar\",\"url\":\"https:\\\/\\\/fibgar.es\\\/en\\\/author\\\/fibgaradmin\\\/\"}]}<\/script>\n<!-- \/ Yoast SEO plugin. -->","yoast_head_json":{"title":"Day of remembrance and tribute to the victims of the military coup, the Civil War and the Dictatorship. - FIBGAR","description":"On December 10, 2024, the event was held on the occasion of the Day of Remembrance and Tribute to the victims of the military coup, the Civil War and the Dictatorship.","robots":{"index":"index","follow":"follow","max-snippet":"max-snippet:-1","max-image-preview":"max-image-preview:large","max-video-preview":"max-video-preview:-1"},"canonical":"https:\/\/fibgar.es\/en\/day-of-remembrance-and-tribute-to-the-victims-of-the-military-coup-the-civil-war-and-the-dictatorship\/","og_locale":"en_US","og_type":"article","og_title":"Day of remembrance and tribute to the victims of the military coup, the Civil War and the Dictatorship. - FIBGAR","og_description":"On December 10, 2024, the event was held on the occasion of the Day of Remembrance and Tribute to the victims of the military coup, the Civil War and the Dictatorship.","og_url":"https:\/\/fibgar.es\/en\/day-of-remembrance-and-tribute-to-the-victims-of-the-military-coup-the-civil-war-and-the-dictatorship\/","og_site_name":"FIBGAR","article_publisher":"https:\/\/www.facebook.com\/Fibgar","article_published_time":"2024-12-10T17:31:04+00:00","article_modified_time":"2024-12-10T17:35:26+00:00","og_image":[{"width":1000,"height":1333,"url":"https:\/\/fibgar.es\/wp-content\/uploads\/2024\/12\/IMG_8384.jpg","type":"image\/jpeg"}],"author":"Fibgar","twitter_card":"summary_large_image","twitter_creator":"@fibgar_","twitter_site":"@fibgar_","twitter_misc":{"Written by":"Fibgar","Est. reading time":"6 minutes"},"schema":{"@context":"https:\/\/schema.org","@graph":[{"@type":"Article","@id":"https:\/\/fibgar.es\/en\/day-of-remembrance-and-tribute-to-the-victims-of-the-military-coup-the-civil-war-and-the-dictatorship\/#article","isPartOf":{"@id":"https:\/\/fibgar.es\/en\/day-of-remembrance-and-tribute-to-the-victims-of-the-military-coup-the-civil-war-and-the-dictatorship\/"},"author":{"name":"Fibgar","@id":"https:\/\/fibgar.es\/en\/#\/schema\/person\/4a7e0cad2b7af0b8051fe6609b753361"},"headline":"Day of remembrance and tribute to the victims of the military coup, the Civil War and the Dictatorship.","datePublished":"2024-12-10T17:31:04+00:00","dateModified":"2024-12-10T17:35:26+00:00","mainEntityOfPage":{"@id":"https:\/\/fibgar.es\/en\/day-of-remembrance-and-tribute-to-the-victims-of-the-military-coup-the-civil-war-and-the-dictatorship\/"},"wordCount":1249,"publisher":{"@id":"https:\/\/fibgar.es\/en\/#organization"},"image":{"@id":"https:\/\/fibgar.es\/en\/day-of-remembrance-and-tribute-to-the-victims-of-the-military-coup-the-civil-war-and-the-dictatorship\/#primaryimage"},"thumbnailUrl":"https:\/\/fibgar.es\/wp-content\/uploads\/2024\/12\/IMG_8384.jpg","keywords":["Memoria Democr\u00e1tica"],"articleSection":["Articles"],"inLanguage":"en-US"},{"@type":"WebPage","@id":"https:\/\/fibgar.es\/en\/day-of-remembrance-and-tribute-to-the-victims-of-the-military-coup-the-civil-war-and-the-dictatorship\/","url":"https:\/\/fibgar.es\/en\/day-of-remembrance-and-tribute-to-the-victims-of-the-military-coup-the-civil-war-and-the-dictatorship\/","name":"Day of remembrance and tribute to the victims of the military coup, the Civil War and the Dictatorship. - FIBGAR","isPartOf":{"@id":"https:\/\/fibgar.es\/en\/#website"},"primaryImageOfPage":{"@id":"https:\/\/fibgar.es\/en\/day-of-remembrance-and-tribute-to-the-victims-of-the-military-coup-the-civil-war-and-the-dictatorship\/#primaryimage"},"image":{"@id":"https:\/\/fibgar.es\/en\/day-of-remembrance-and-tribute-to-the-victims-of-the-military-coup-the-civil-war-and-the-dictatorship\/#primaryimage"},"thumbnailUrl":"https:\/\/fibgar.es\/wp-content\/uploads\/2024\/12\/IMG_8384.jpg","datePublished":"2024-12-10T17:31:04+00:00","dateModified":"2024-12-10T17:35:26+00:00","description":"On December 10, 2024, the event was held on the occasion of the Day of Remembrance and Tribute to the victims of the military coup, the Civil War and the Dictatorship.","breadcrumb":{"@id":"https:\/\/fibgar.es\/en\/day-of-remembrance-and-tribute-to-the-victims-of-the-military-coup-the-civil-war-and-the-dictatorship\/#breadcrumb"},"inLanguage":"en-US","potentialAction":[{"@type":"ReadAction","target":["https:\/\/fibgar.es\/en\/day-of-remembrance-and-tribute-to-the-victims-of-the-military-coup-the-civil-war-and-the-dictatorship\/"]}]},{"@type":"ImageObject","inLanguage":"en-US","@id":"https:\/\/fibgar.es\/en\/day-of-remembrance-and-tribute-to-the-victims-of-the-military-coup-the-civil-war-and-the-dictatorship\/#primaryimage","url":"https:\/\/fibgar.es\/wp-content\/uploads\/2024\/12\/IMG_8384.jpg","contentUrl":"https:\/\/fibgar.es\/wp-content\/uploads\/2024\/12\/IMG_8384.jpg","width":1000,"height":1333},{"@type":"BreadcrumbList","@id":"https:\/\/fibgar.es\/en\/day-of-remembrance-and-tribute-to-the-victims-of-the-military-coup-the-civil-war-and-the-dictatorship\/#breadcrumb","itemListElement":[{"@type":"ListItem","position":1,"name":"Home","item":"https:\/\/fibgar.es\/en\/"},{"@type":"ListItem","position":2,"name":"Day of remembrance and tribute to the victims of the military coup, the Civil War and the Dictatorship."}]},{"@type":"WebSite","@id":"https:\/\/fibgar.es\/en\/#website","url":"https:\/\/fibgar.es\/en\/","name":"FIBGAR","description":"Fundaci\u00f3n Internacional Baltasar Garz\u00f3n","publisher":{"@id":"https:\/\/fibgar.es\/en\/#organization"},"alternateName":"FIBGAR","potentialAction":[{"@type":"SearchAction","target":{"@type":"EntryPoint","urlTemplate":"https:\/\/fibgar.es\/en\/?s={search_term_string}"},"query-input":{"@type":"PropertyValueSpecification","valueRequired":true,"valueName":"search_term_string"}}],"inLanguage":"en-US"},{"@type":"Organization","@id":"https:\/\/fibgar.es\/en\/#organization","name":"Fundaci\u00f3n Internacional Baltasar Garz\u00f3n","alternateName":"FIBGAR","url":"https:\/\/fibgar.es\/en\/","logo":{"@type":"ImageObject","inLanguage":"en-US","@id":"https:\/\/fibgar.es\/en\/#\/schema\/logo\/image\/","url":"https:\/\/fibgar.es\/wp-content\/uploads\/2020\/04\/cropped-fibgar-icono.jpeg","contentUrl":"https:\/\/fibgar.es\/wp-content\/uploads\/2020\/04\/cropped-fibgar-icono.jpeg","width":512,"height":512,"caption":"Fundaci\u00f3n Internacional Baltasar Garz\u00f3n"},"image":{"@id":"https:\/\/fibgar.es\/en\/#\/schema\/logo\/image\/"},"sameAs":["https:\/\/www.facebook.com\/Fibgar","https:\/\/x.com\/fibgar_"]},{"@type":"Person","@id":"https:\/\/fibgar.es\/en\/#\/schema\/person\/4a7e0cad2b7af0b8051fe6609b753361","name":"Fibgar","url":"https:\/\/fibgar.es\/en\/author\/fibgaradmin\/"}]}},"_links":{"self":[{"href":"https:\/\/fibgar.es\/en\/wp-json\/wp\/v2\/posts\/24095","targetHints":{"allow":["GET"]}}],"collection":[{"href":"https:\/\/fibgar.es\/en\/wp-json\/wp\/v2\/posts"}],"about":[{"href":"https:\/\/fibgar.es\/en\/wp-json\/wp\/v2\/types\/post"}],"author":[{"embeddable":true,"href":"https:\/\/fibgar.es\/en\/wp-json\/wp\/v2\/users\/1"}],"replies":[{"embeddable":true,"href":"https:\/\/fibgar.es\/en\/wp-json\/wp\/v2\/comments?post=24095"}],"version-history":[{"count":1,"href":"https:\/\/fibgar.es\/en\/wp-json\/wp\/v2\/posts\/24095\/revisions"}],"predecessor-version":[{"id":24096,"href":"https:\/\/fibgar.es\/en\/wp-json\/wp\/v2\/posts\/24095\/revisions\/24096"}],"wp:featuredmedia":[{"embeddable":true,"href":"https:\/\/fibgar.es\/en\/wp-json\/wp\/v2\/media\/24086"}],"wp:attachment":[{"href":"https:\/\/fibgar.es\/en\/wp-json\/wp\/v2\/media?parent=24095"}],"wp:term":[{"taxonomy":"category","embeddable":true,"href":"https:\/\/fibgar.es\/en\/wp-json\/wp\/v2\/categories?post=24095"},{"taxonomy":"post_tag","embeddable":true,"href":"https:\/\/fibgar.es\/en\/wp-json\/wp\/v2\/tags?post=24095"}],"curies":[{"name":"wp","href":"https:\/\/api.w.org\/{rel}","templated":true}]}}