{"id":24910,"date":"2025-07-11T11:13:59","date_gmt":"2025-07-11T09:13:59","guid":{"rendered":"https:\/\/fibgar.es\/?p=24910"},"modified":"2025-07-11T11:16:45","modified_gmt":"2025-07-11T09:16:45","slug":"srebrenica-30-years-later-memory-against-oblivion","status":"publish","type":"post","link":"https:\/\/fibgar.es\/en\/srebrenica-30-years-later-memory-against-oblivion\/","title":{"rendered":"Srebrenica, 30 years later: Memory against oblivion"},"content":{"rendered":"\n<p>2025 marks <strong>30 years since the Srebrenica genocide<\/strong>, one of the greatest tragedies in Europe since World War II. To mark this commemoration, the United Nations General Assembly in May 2024 adopted a resolution, led by Germany and Rwanda, establishing <strong>July 11 as the International Day of Reflection and Remembrance of Srebrenica in 1995.<\/strong> In addition to setting this date, the Assembly also requested the Secretary General to establish an outreach programme on the Srebrenica genocide on its 30<sup>th<\/sup> anniversary. It also <strong>condemned any kind of denial of the Srebrenica genocide<\/strong> as a historical fact and urged Member States to preserve the documented facts through the development of educational programmes, also for commemoration, to prevent denial and distortion, and the prevention of other genocides.<\/p>\n\n\n\n<p>The genocide took place in the context of the Bosnian War. The war happened while the Communist Party of Yugoslavia was losing support to nationalist and secessionist ideologies at the end of 1988 and early 1989. This was particularly strong in Croatia and Serbia, but less noticeable in Bosnia and Herzegovina. The war in Bosnia was an international conflict that took place between April 1992 and December 1995. After the disintegration of Yugoslavia and the fall of communism, and the independence of Croatia and Slovenia, Bosnian Serb leaders like Radovan Karad\u017ei\u0107 and Serbs like Slobodan Milo\u0161evi\u0107 wanted all Serbs living in different republics to live in one country, leading to a campaign of ethnic cleansing in the territories of Bosnia and Herzegovina.<\/p>\n\n\n\n<p>The Bosnian War <strong>claimed the lives of approximately 100.000 people<\/strong> between 1992 and 1995, of whom 65% were Bosnian Muslims and 25% Serbs. Of the civilian casualties, 83% were Muslim.<\/p>\n\n\n\n<p>In July 1995, the Bosnian Serb army invaded Srebrenica, which had been established as a \u201csafe space\u201d by the United Nations with <a href=\"http:\/\/unscr.com\/en\/resolutions\/doc\/819\">Resolution 819 of the United Nations Security Council.<\/a> Despite the presence of UN peacekeeping forces (<a href=\"https:\/\/peacekeeping.un.org\/en\/mission\/unprofor\">UNPROFOR<\/a>), more than 25.000 women, the elderly and children were expelled from the safe zone and <strong>at least 8.372 men<\/strong>, including children and elderly among them, <strong>ethnic Bosnian Muslims were killed<\/strong> under the command of General Ratko Mladi\u0107. The aim was to ethnically cleanse Srebrenica.<\/p>\n\n\n\n<p>After the Dayton Accords, signed in Ohio by Bosnia and Herzegovina, Croatia and Yugoslavia, the Bosnian war came to an end, and Srebrenica became part of the Srpska Republic, where 90% of the Serb population is grouped.<\/p>\n\n\n\n<p>In 1993, invoking <a href=\"https:\/\/www.un.org\/en\/about-us\/un-charter\/chapter-7\">Chapter VII of the Charter of the United Nations<\/a> as a premise, <strong>an ad hoc International Criminal Tribunal, the International Criminal Tribunal for the former Yugoslavia<\/strong> (ICTY), was established by <a href=\"https:\/\/www.icty.org\/x\/file\/Legal%20Library\/Statute\/statute_808_1993_en.pdf\">Resolution 808<\/a>, in which it\u2026<\/p>\n\n\n\n<p>\u201cDecides that an international tribunal shall be established for the purpose of prosecuting persons responsible for serious violations of international humanitarian law committed in the territory of the former Yugoslavia since 1991\u201d.<\/p>\n\n\n\n<p>In the <strong>case against the Bosnian Serb General<\/strong> <strong>Radislav Krsti\u0107, <\/strong>the Chief of Staff and Deputy Commander of the Drina Corps of the Republika Srpska Army (VRS), the Tribunal qualified for the first time the events in Srebrenica as an act of genocide, and the largest mass murder in Europe since World War II. The Presiding Judge, on a <a href=\"https:\/\/www.icty.org\/en\/press\/address-icty-president-theodor-meron-potocari-memorial-cemetery\">visit to the memorial at the Poto\u010dari cemetery, stated that:<\/a><\/p>\n\n\n\n<p>\u201cBy seeking to eliminate a part of the Bosnian Muslims, the Bosnian Serb forces committed genocide. They targeted for extinction the forty thousand Bosnian Muslims living in Srebrenica, a group which was emblematic of the Bosnian Muslims in general. They stripped all the male Muslim prisoners, military and civilian, elderly and young, of their personal belongings and identification, and deliberately and methodically killed them solely on the basis of their identity.\u201d<\/p>\n\n\n\n<p>In 2007, the <strong>International Court of Justice (ICJ) <\/strong><a href=\"https:\/\/www.icj-cij.org\/sites\/default\/files\/case-related\/91\/091-20070226-JUD-01-00-EN.pdf\"><strong>confirmed the ICTY\u2019s sentence<\/strong><\/a> and described the events in Srebrenica as genocide. The two most responsible for the genocide were arrested by the Serbian government, the successor to the Yugoslav government, following pressure from the international community. These were the President of Republika Srpska, Radovan Karad\u017ei\u0107, on 21 July 2008 and the commander-in-chief of the VRS, Ratko Mladi\u0107, on 26 May 2011.<\/p>\n\n\n\n<p>In 2000, the <a href=\"https:\/\/srebrenicamemorial.org\/en\">Srebrenica-Poto\u010dari Memorial Centre for the victims of the 1995 genocide<\/a> was established. This centre is established to remember the victims and preserve the memory and history, fighting against the hatred that led to this genocide. One of the most important events at this memorial centre is the annual Genocide Victims Remembrance Day, held on 11 July. The centre is open all year round and carries out research, projects, exhibitions and publications to ensure that the victims are not forgotten and to combat genocide-denying discourses that hinder reconciliation and transitional justice processes.<\/p>\n\n\n\n<p>30 years after the genocide, the recognition of the 11<sup>th<\/sup> of July as the International Day of Reflection and Remembrance of the 1995 Srebrenica Genocide represents an <strong>act of symbolic justice<\/strong>. This commemoration not only honours the memory of the more than 8000 victims of the genocide, but it also upholds the international community\u2019s commitment to truth and justice for the victims, and the need to combat denial, impunity and hate speech. Remembering this genocide is important to prevent crimes of this scale from happening again.<\/p>\n\n\n\n<p>Marina de Leiva \u00c1lvarez, FIBGAR collaborator.<\/p>\n","protected":false},"excerpt":{"rendered":"<p>2025 marks 30 years since the Srebrenica genocide, one of the greatest tragedies in Europe since World War II. To mark this commemoration, the United Nations General Assembly in May 2024 adopted a resolution, led by Germany and Rwanda, establishing July 11 as the International Day of Reflection and Remembrance of Srebrenica in 1995. In&#8230;<\/p>\n","protected":false},"author":1,"featured_media":24913,"comment_status":"closed","ping_status":"closed","sticky":false,"template":"","format":"standard","meta":{"footnotes":""},"categories":[586,478],"tags":[],"class_list":["post-24910","post","type-post","status-publish","format-standard","has-post-thumbnail","hentry","category-articles","category-articulos"],"yoast_head":"<!-- This site is optimized with the Yoast SEO plugin v27.5 - https:\/\/yoast.com\/product\/yoast-seo-wordpress\/ -->\n<title>Srebrenica, 30 years later: Memory against oblivion - FIBGAR<\/title>\n<meta name=\"description\" content=\"2025 marks 30 years since the Srebrenica genocide, one of the greatest tragedies in Europe since World War II. To mark this commemoration, the United Nations General Assembly in May 2024 adopted a resolution, led by Germany and Rwanda, establishing July 11 as the International Day of Reflection and Remembrance of Srebrenica in 1995. In addition to setting this date, the Assembly also requested the Secretary General to establish an outreach programme on the Srebrenica genocide on its 30th anniversary. It also condemned any kind of denial of the Srebrenica genocide as a historical fact and urged Member States to preserve the documented facts through the development of educational programmes, also for commemoration, to prevent denial and distortion, and the prevention of other genocides.\" \/>\n<meta name=\"robots\" content=\"index, follow, max-snippet:-1, max-image-preview:large, max-video-preview:-1\" \/>\n<link rel=\"canonical\" href=\"https:\/\/fibgar.es\/en\/srebrenica-30-years-later-memory-against-oblivion\/\" \/>\n<meta property=\"og:locale\" content=\"en_US\" \/>\n<meta property=\"og:type\" content=\"article\" \/>\n<meta property=\"og:title\" content=\"Srebrenica, 30 years later: Memory against oblivion - FIBGAR\" \/>\n<meta property=\"og:description\" content=\"2025 marks 30 years since the Srebrenica genocide, one of the greatest tragedies in Europe since World War II. To mark this commemoration, the United Nations General Assembly in May 2024 adopted a resolution, led by Germany and Rwanda, establishing July 11 as the International Day of Reflection and Remembrance of Srebrenica in 1995. In addition to setting this date, the Assembly also requested the Secretary General to establish an outreach programme on the Srebrenica genocide on its 30th anniversary. It also condemned any kind of denial of the Srebrenica genocide as a historical fact and urged Member States to preserve the documented facts through the development of educational programmes, also for commemoration, to prevent denial and distortion, and the prevention of other genocides.\" \/>\n<meta property=\"og:url\" content=\"https:\/\/fibgar.es\/en\/srebrenica-30-years-later-memory-against-oblivion\/\" \/>\n<meta property=\"og:site_name\" content=\"FIBGAR\" \/>\n<meta property=\"article:publisher\" content=\"https:\/\/www.facebook.com\/Fibgar\" \/>\n<meta property=\"article:published_time\" content=\"2025-07-11T09:13:59+00:00\" \/>\n<meta property=\"article:modified_time\" content=\"2025-07-11T09:16:45+00:00\" \/>\n<meta property=\"og:image\" content=\"https:\/\/fibgar.es\/wp-content\/uploads\/2025\/07\/DIA-INTERNACIONAL-2-1.png\" \/>\n\t<meta property=\"og:image:width\" content=\"1600\" \/>\n\t<meta property=\"og:image:height\" content=\"900\" \/>\n\t<meta property=\"og:image:type\" content=\"image\/png\" \/>\n<meta name=\"author\" content=\"Fibgar\" \/>\n<meta name=\"twitter:card\" content=\"summary_large_image\" \/>\n<meta name=\"twitter:creator\" content=\"@fibgar_\" \/>\n<meta name=\"twitter:site\" content=\"@fibgar_\" \/>\n<meta name=\"twitter:label1\" content=\"Written by\" \/>\n\t<meta name=\"twitter:data1\" content=\"Fibgar\" \/>\n\t<meta name=\"twitter:label2\" content=\"Est. reading time\" \/>\n\t<meta name=\"twitter:data2\" content=\"5 minutes\" \/>\n<script type=\"application\/ld+json\" class=\"yoast-schema-graph\">{\"@context\":\"https:\\\/\\\/schema.org\",\"@graph\":[{\"@type\":\"Article\",\"@id\":\"https:\\\/\\\/fibgar.es\\\/en\\\/srebrenica-30-years-later-memory-against-oblivion\\\/#article\",\"isPartOf\":{\"@id\":\"https:\\\/\\\/fibgar.es\\\/en\\\/srebrenica-30-years-later-memory-against-oblivion\\\/\"},\"author\":{\"name\":\"Fibgar\",\"@id\":\"https:\\\/\\\/fibgar.es\\\/en\\\/#\\\/schema\\\/person\\\/4a7e0cad2b7af0b8051fe6609b753361\"},\"headline\":\"Srebrenica, 30 years later: Memory against oblivion\",\"datePublished\":\"2025-07-11T09:13:59+00:00\",\"dateModified\":\"2025-07-11T09:16:45+00:00\",\"mainEntityOfPage\":{\"@id\":\"https:\\\/\\\/fibgar.es\\\/en\\\/srebrenica-30-years-later-memory-against-oblivion\\\/\"},\"wordCount\":840,\"publisher\":{\"@id\":\"https:\\\/\\\/fibgar.es\\\/en\\\/#organization\"},\"image\":{\"@id\":\"https:\\\/\\\/fibgar.es\\\/en\\\/srebrenica-30-years-later-memory-against-oblivion\\\/#primaryimage\"},\"thumbnailUrl\":\"https:\\\/\\\/fibgar.es\\\/wp-content\\\/uploads\\\/2025\\\/07\\\/DIA-INTERNACIONAL-2-1.png\",\"articleSection\":[\"Articles\",\"Art\u00edculos\"],\"inLanguage\":\"en-US\"},{\"@type\":\"WebPage\",\"@id\":\"https:\\\/\\\/fibgar.es\\\/en\\\/srebrenica-30-years-later-memory-against-oblivion\\\/\",\"url\":\"https:\\\/\\\/fibgar.es\\\/en\\\/srebrenica-30-years-later-memory-against-oblivion\\\/\",\"name\":\"Srebrenica, 30 years later: Memory against oblivion - FIBGAR\",\"isPartOf\":{\"@id\":\"https:\\\/\\\/fibgar.es\\\/en\\\/#website\"},\"primaryImageOfPage\":{\"@id\":\"https:\\\/\\\/fibgar.es\\\/en\\\/srebrenica-30-years-later-memory-against-oblivion\\\/#primaryimage\"},\"image\":{\"@id\":\"https:\\\/\\\/fibgar.es\\\/en\\\/srebrenica-30-years-later-memory-against-oblivion\\\/#primaryimage\"},\"thumbnailUrl\":\"https:\\\/\\\/fibgar.es\\\/wp-content\\\/uploads\\\/2025\\\/07\\\/DIA-INTERNACIONAL-2-1.png\",\"datePublished\":\"2025-07-11T09:13:59+00:00\",\"dateModified\":\"2025-07-11T09:16:45+00:00\",\"description\":\"2025 marks 30 years since the Srebrenica genocide, one of the greatest tragedies in Europe since World War II. To mark this commemoration, the United Nations General Assembly in May 2024 adopted a resolution, led by Germany and Rwanda, establishing July 11 as the International Day of Reflection and Remembrance of Srebrenica in 1995. In addition to setting this date, the Assembly also requested the Secretary General to establish an outreach programme on the Srebrenica genocide on its 30th anniversary. It also condemned any kind of denial of the Srebrenica genocide as a historical fact and urged Member States to preserve the documented facts through the development of educational programmes, also for commemoration, to prevent denial and distortion, and the prevention of other genocides.\",\"breadcrumb\":{\"@id\":\"https:\\\/\\\/fibgar.es\\\/en\\\/srebrenica-30-years-later-memory-against-oblivion\\\/#breadcrumb\"},\"inLanguage\":\"en-US\",\"potentialAction\":[{\"@type\":\"ReadAction\",\"target\":[\"https:\\\/\\\/fibgar.es\\\/en\\\/srebrenica-30-years-later-memory-against-oblivion\\\/\"]}]},{\"@type\":\"ImageObject\",\"inLanguage\":\"en-US\",\"@id\":\"https:\\\/\\\/fibgar.es\\\/en\\\/srebrenica-30-years-later-memory-against-oblivion\\\/#primaryimage\",\"url\":\"https:\\\/\\\/fibgar.es\\\/wp-content\\\/uploads\\\/2025\\\/07\\\/DIA-INTERNACIONAL-2-1.png\",\"contentUrl\":\"https:\\\/\\\/fibgar.es\\\/wp-content\\\/uploads\\\/2025\\\/07\\\/DIA-INTERNACIONAL-2-1.png\",\"width\":1600,\"height\":900},{\"@type\":\"BreadcrumbList\",\"@id\":\"https:\\\/\\\/fibgar.es\\\/en\\\/srebrenica-30-years-later-memory-against-oblivion\\\/#breadcrumb\",\"itemListElement\":[{\"@type\":\"ListItem\",\"position\":1,\"name\":\"Home\",\"item\":\"https:\\\/\\\/fibgar.es\\\/en\\\/\"},{\"@type\":\"ListItem\",\"position\":2,\"name\":\"Srebrenica, 30 years later: Memory against oblivion\"}]},{\"@type\":\"WebSite\",\"@id\":\"https:\\\/\\\/fibgar.es\\\/en\\\/#website\",\"url\":\"https:\\\/\\\/fibgar.es\\\/en\\\/\",\"name\":\"FIBGAR\",\"description\":\"Fundaci\u00f3n Internacional Baltasar Garz\u00f3n\",\"publisher\":{\"@id\":\"https:\\\/\\\/fibgar.es\\\/en\\\/#organization\"},\"alternateName\":\"FIBGAR\",\"potentialAction\":[{\"@type\":\"SearchAction\",\"target\":{\"@type\":\"EntryPoint\",\"urlTemplate\":\"https:\\\/\\\/fibgar.es\\\/en\\\/?s={search_term_string}\"},\"query-input\":{\"@type\":\"PropertyValueSpecification\",\"valueRequired\":true,\"valueName\":\"search_term_string\"}}],\"inLanguage\":\"en-US\"},{\"@type\":\"Organization\",\"@id\":\"https:\\\/\\\/fibgar.es\\\/en\\\/#organization\",\"name\":\"Fundaci\u00f3n Internacional Baltasar Garz\u00f3n\",\"alternateName\":\"FIBGAR\",\"url\":\"https:\\\/\\\/fibgar.es\\\/en\\\/\",\"logo\":{\"@type\":\"ImageObject\",\"inLanguage\":\"en-US\",\"@id\":\"https:\\\/\\\/fibgar.es\\\/en\\\/#\\\/schema\\\/logo\\\/image\\\/\",\"url\":\"https:\\\/\\\/fibgar.es\\\/wp-content\\\/uploads\\\/2020\\\/04\\\/cropped-fibgar-icono.jpeg\",\"contentUrl\":\"https:\\\/\\\/fibgar.es\\\/wp-content\\\/uploads\\\/2020\\\/04\\\/cropped-fibgar-icono.jpeg\",\"width\":512,\"height\":512,\"caption\":\"Fundaci\u00f3n Internacional Baltasar Garz\u00f3n\"},\"image\":{\"@id\":\"https:\\\/\\\/fibgar.es\\\/en\\\/#\\\/schema\\\/logo\\\/image\\\/\"},\"sameAs\":[\"https:\\\/\\\/www.facebook.com\\\/Fibgar\",\"https:\\\/\\\/x.com\\\/fibgar_\"]},{\"@type\":\"Person\",\"@id\":\"https:\\\/\\\/fibgar.es\\\/en\\\/#\\\/schema\\\/person\\\/4a7e0cad2b7af0b8051fe6609b753361\",\"name\":\"Fibgar\",\"url\":\"https:\\\/\\\/fibgar.es\\\/en\\\/author\\\/fibgaradmin\\\/\"}]}<\/script>\n<!-- \/ Yoast SEO plugin. -->","yoast_head_json":{"title":"Srebrenica, 30 years later: Memory against oblivion - FIBGAR","description":"2025 marks 30 years since the Srebrenica genocide, one of the greatest tragedies in Europe since World War II. To mark this commemoration, the United Nations General Assembly in May 2024 adopted a resolution, led by Germany and Rwanda, establishing July 11 as the International Day of Reflection and Remembrance of Srebrenica in 1995. In addition to setting this date, the Assembly also requested the Secretary General to establish an outreach programme on the Srebrenica genocide on its 30th anniversary. It also condemned any kind of denial of the Srebrenica genocide as a historical fact and urged Member States to preserve the documented facts through the development of educational programmes, also for commemoration, to prevent denial and distortion, and the prevention of other genocides.","robots":{"index":"index","follow":"follow","max-snippet":"max-snippet:-1","max-image-preview":"max-image-preview:large","max-video-preview":"max-video-preview:-1"},"canonical":"https:\/\/fibgar.es\/en\/srebrenica-30-years-later-memory-against-oblivion\/","og_locale":"en_US","og_type":"article","og_title":"Srebrenica, 30 years later: Memory against oblivion - FIBGAR","og_description":"2025 marks 30 years since the Srebrenica genocide, one of the greatest tragedies in Europe since World War II. To mark this commemoration, the United Nations General Assembly in May 2024 adopted a resolution, led by Germany and Rwanda, establishing July 11 as the International Day of Reflection and Remembrance of Srebrenica in 1995. In addition to setting this date, the Assembly also requested the Secretary General to establish an outreach programme on the Srebrenica genocide on its 30th anniversary. It also condemned any kind of denial of the Srebrenica genocide as a historical fact and urged Member States to preserve the documented facts through the development of educational programmes, also for commemoration, to prevent denial and distortion, and the prevention of other genocides.","og_url":"https:\/\/fibgar.es\/en\/srebrenica-30-years-later-memory-against-oblivion\/","og_site_name":"FIBGAR","article_publisher":"https:\/\/www.facebook.com\/Fibgar","article_published_time":"2025-07-11T09:13:59+00:00","article_modified_time":"2025-07-11T09:16:45+00:00","og_image":[{"width":1600,"height":900,"url":"https:\/\/fibgar.es\/wp-content\/uploads\/2025\/07\/DIA-INTERNACIONAL-2-1.png","type":"image\/png"}],"author":"Fibgar","twitter_card":"summary_large_image","twitter_creator":"@fibgar_","twitter_site":"@fibgar_","twitter_misc":{"Written by":"Fibgar","Est. reading time":"5 minutes"},"schema":{"@context":"https:\/\/schema.org","@graph":[{"@type":"Article","@id":"https:\/\/fibgar.es\/en\/srebrenica-30-years-later-memory-against-oblivion\/#article","isPartOf":{"@id":"https:\/\/fibgar.es\/en\/srebrenica-30-years-later-memory-against-oblivion\/"},"author":{"name":"Fibgar","@id":"https:\/\/fibgar.es\/en\/#\/schema\/person\/4a7e0cad2b7af0b8051fe6609b753361"},"headline":"Srebrenica, 30 years later: Memory against oblivion","datePublished":"2025-07-11T09:13:59+00:00","dateModified":"2025-07-11T09:16:45+00:00","mainEntityOfPage":{"@id":"https:\/\/fibgar.es\/en\/srebrenica-30-years-later-memory-against-oblivion\/"},"wordCount":840,"publisher":{"@id":"https:\/\/fibgar.es\/en\/#organization"},"image":{"@id":"https:\/\/fibgar.es\/en\/srebrenica-30-years-later-memory-against-oblivion\/#primaryimage"},"thumbnailUrl":"https:\/\/fibgar.es\/wp-content\/uploads\/2025\/07\/DIA-INTERNACIONAL-2-1.png","articleSection":["Articles","Art\u00edculos"],"inLanguage":"en-US"},{"@type":"WebPage","@id":"https:\/\/fibgar.es\/en\/srebrenica-30-years-later-memory-against-oblivion\/","url":"https:\/\/fibgar.es\/en\/srebrenica-30-years-later-memory-against-oblivion\/","name":"Srebrenica, 30 years later: Memory against oblivion - FIBGAR","isPartOf":{"@id":"https:\/\/fibgar.es\/en\/#website"},"primaryImageOfPage":{"@id":"https:\/\/fibgar.es\/en\/srebrenica-30-years-later-memory-against-oblivion\/#primaryimage"},"image":{"@id":"https:\/\/fibgar.es\/en\/srebrenica-30-years-later-memory-against-oblivion\/#primaryimage"},"thumbnailUrl":"https:\/\/fibgar.es\/wp-content\/uploads\/2025\/07\/DIA-INTERNACIONAL-2-1.png","datePublished":"2025-07-11T09:13:59+00:00","dateModified":"2025-07-11T09:16:45+00:00","description":"2025 marks 30 years since the Srebrenica genocide, one of the greatest tragedies in Europe since World War II. To mark this commemoration, the United Nations General Assembly in May 2024 adopted a resolution, led by Germany and Rwanda, establishing July 11 as the International Day of Reflection and Remembrance of Srebrenica in 1995. In addition to setting this date, the Assembly also requested the Secretary General to establish an outreach programme on the Srebrenica genocide on its 30th anniversary. It also condemned any kind of denial of the Srebrenica genocide as a historical fact and urged Member States to preserve the documented facts through the development of educational programmes, also for commemoration, to prevent denial and distortion, and the prevention of other genocides.","breadcrumb":{"@id":"https:\/\/fibgar.es\/en\/srebrenica-30-years-later-memory-against-oblivion\/#breadcrumb"},"inLanguage":"en-US","potentialAction":[{"@type":"ReadAction","target":["https:\/\/fibgar.es\/en\/srebrenica-30-years-later-memory-against-oblivion\/"]}]},{"@type":"ImageObject","inLanguage":"en-US","@id":"https:\/\/fibgar.es\/en\/srebrenica-30-years-later-memory-against-oblivion\/#primaryimage","url":"https:\/\/fibgar.es\/wp-content\/uploads\/2025\/07\/DIA-INTERNACIONAL-2-1.png","contentUrl":"https:\/\/fibgar.es\/wp-content\/uploads\/2025\/07\/DIA-INTERNACIONAL-2-1.png","width":1600,"height":900},{"@type":"BreadcrumbList","@id":"https:\/\/fibgar.es\/en\/srebrenica-30-years-later-memory-against-oblivion\/#breadcrumb","itemListElement":[{"@type":"ListItem","position":1,"name":"Home","item":"https:\/\/fibgar.es\/en\/"},{"@type":"ListItem","position":2,"name":"Srebrenica, 30 years later: Memory against oblivion"}]},{"@type":"WebSite","@id":"https:\/\/fibgar.es\/en\/#website","url":"https:\/\/fibgar.es\/en\/","name":"FIBGAR","description":"Fundaci\u00f3n Internacional Baltasar Garz\u00f3n","publisher":{"@id":"https:\/\/fibgar.es\/en\/#organization"},"alternateName":"FIBGAR","potentialAction":[{"@type":"SearchAction","target":{"@type":"EntryPoint","urlTemplate":"https:\/\/fibgar.es\/en\/?s={search_term_string}"},"query-input":{"@type":"PropertyValueSpecification","valueRequired":true,"valueName":"search_term_string"}}],"inLanguage":"en-US"},{"@type":"Organization","@id":"https:\/\/fibgar.es\/en\/#organization","name":"Fundaci\u00f3n Internacional Baltasar Garz\u00f3n","alternateName":"FIBGAR","url":"https:\/\/fibgar.es\/en\/","logo":{"@type":"ImageObject","inLanguage":"en-US","@id":"https:\/\/fibgar.es\/en\/#\/schema\/logo\/image\/","url":"https:\/\/fibgar.es\/wp-content\/uploads\/2020\/04\/cropped-fibgar-icono.jpeg","contentUrl":"https:\/\/fibgar.es\/wp-content\/uploads\/2020\/04\/cropped-fibgar-icono.jpeg","width":512,"height":512,"caption":"Fundaci\u00f3n Internacional Baltasar Garz\u00f3n"},"image":{"@id":"https:\/\/fibgar.es\/en\/#\/schema\/logo\/image\/"},"sameAs":["https:\/\/www.facebook.com\/Fibgar","https:\/\/x.com\/fibgar_"]},{"@type":"Person","@id":"https:\/\/fibgar.es\/en\/#\/schema\/person\/4a7e0cad2b7af0b8051fe6609b753361","name":"Fibgar","url":"https:\/\/fibgar.es\/en\/author\/fibgaradmin\/"}]}},"_links":{"self":[{"href":"https:\/\/fibgar.es\/en\/wp-json\/wp\/v2\/posts\/24910","targetHints":{"allow":["GET"]}}],"collection":[{"href":"https:\/\/fibgar.es\/en\/wp-json\/wp\/v2\/posts"}],"about":[{"href":"https:\/\/fibgar.es\/en\/wp-json\/wp\/v2\/types\/post"}],"author":[{"embeddable":true,"href":"https:\/\/fibgar.es\/en\/wp-json\/wp\/v2\/users\/1"}],"replies":[{"embeddable":true,"href":"https:\/\/fibgar.es\/en\/wp-json\/wp\/v2\/comments?post=24910"}],"version-history":[{"count":1,"href":"https:\/\/fibgar.es\/en\/wp-json\/wp\/v2\/posts\/24910\/revisions"}],"predecessor-version":[{"id":24915,"href":"https:\/\/fibgar.es\/en\/wp-json\/wp\/v2\/posts\/24910\/revisions\/24915"}],"wp:featuredmedia":[{"embeddable":true,"href":"https:\/\/fibgar.es\/en\/wp-json\/wp\/v2\/media\/24913"}],"wp:attachment":[{"href":"https:\/\/fibgar.es\/en\/wp-json\/wp\/v2\/media?parent=24910"}],"wp:term":[{"taxonomy":"category","embeddable":true,"href":"https:\/\/fibgar.es\/en\/wp-json\/wp\/v2\/categories?post=24910"},{"taxonomy":"post_tag","embeddable":true,"href":"https:\/\/fibgar.es\/en\/wp-json\/wp\/v2\/tags?post=24910"}],"curies":[{"name":"wp","href":"https:\/\/api.w.org\/{rel}","templated":true}]}}