{"id":25204,"date":"2025-08-13T10:00:00","date_gmt":"2025-08-13T08:00:00","guid":{"rendered":"https:\/\/fibgar.es\/?p=25204"},"modified":"2025-08-07T11:29:53","modified_gmt":"2025-08-07T09:29:53","slug":"germany-strengthens-its-legal-framework-for-universal-jurisdiction-and-consolidates-its-role-as-a-leader-in-international-criminal-justice","status":"publish","type":"post","link":"https:\/\/fibgar.es\/en\/germany-strengthens-its-legal-framework-for-universal-jurisdiction-and-consolidates-its-role-as-a-leader-in-international-criminal-justice\/","title":{"rendered":"Germany strengthens its legal framework for universal jurisdiction and consolidates its role as a leader in international criminal justice"},"content":{"rendered":"\n<p>On June 6, 2024, the German Parliament approved a landmark legislative reform: <strong>the Law for the Development of International Criminal Law<\/strong>, which came into force in August of the same year. This measure represents a decisive step forward in <strong>strengthening universal jurisdiction<\/strong> in Germany and <strong>effectively protecting the rights of victims of international crimes.<\/strong><\/p>\n\n\n\n<p>The reform modernizes and expands the German legal framework for the prosecution of <strong>war crimes, crimes against humanity, and genocide<\/strong>, regardless of where they were committed or the nationality of those responsible. This amendment also fills important legal gaps, especially <strong>with regard to sexual and gender-based violence<\/strong>, guaranteeing for the first time the active participation of victims in legal proceedings, as well as their access <strong>to free legal assistance and psychosocial support during the trial.<\/strong><\/p>\n\n\n\n<p>Another key aspect of the reform is the improvement of mechanisms for documenting evidence and preserving judicial proceedings, <strong>which facilitates access to information for both victims and civil society<\/strong>. These provisions reinforce the transparency and transformative impact of international criminal justice.<\/p>\n\n\n\n<p>The practical application of this law was reflected in the <a href=\"https:\/\/www.washingtonpost.com\/world\/2025\/06\/16\/alaa-mousa-germany-sentence-assad-torture-universal-jurisdiction\/\">landmark case of Alaa Mousa<\/a>, a Syrian doctor sentenced in June 2025 to life imprisonment for crimes against humanity and war crimes committed in military hospitals in Syria during the armed conflict. <strong>The judicial process, held in Frankfurt<\/strong>, saw the active participation of surviving victims, whose voices were heard and protected under the new legal framework.<\/p>\n\n\n\n<p>Germany has also implemented additional mechanisms to strengthen <strong>judicial efficiency<\/strong> in complex cases. Through a new legal provision, the Federal Court of Justice can now <a href=\"https:\/\/www.loc.gov\/item\/global-legal-monitor\/2024-12-03\/germany-new-law-allows-federal-court-of-justice-to-select-cases-in-mass-proceedings-as-leading-cases\/\"><strong>select representative cases in mass trials<\/strong><\/a>, allowing for more agile and effective management of cases related to international crimes.<\/p>\n\n\n\n<p>The <em>Universal Jurisdiction Annual Review 2025<\/em> report has highlighted this reform as one of the most important of the year in Europe, <a href=\"https:\/\/trialinternational.org\/wp-content\/uploads\/2025\/04\/03_TRIAL_UJAR_2025_FINAL_DIGITAL.pdf\"><strong>underscoring Germany&#8217;s commitment to consistency, access to justice, and the fight against impunity.<\/strong><\/a><\/p>\n\n\n\n<p>In an international context where the <strong>response to heinous crimes remains uneven <\/strong>and often conditioned by political interests, Germany is once again showing that it <strong>is possible to apply universal jurisdiction <\/strong>with consistency, transparency, and a focus on victims. This step not only strengthens its national legislation but also sends a clear message to the world that international criminal justice must be truly universal.<\/p>\n\n\n\n<p>David Ca\u00f1\u00f3n Gal\u00e1n, FIBGAR collaborator<\/p>\n\n\n\n<p><\/p>\n","protected":false},"excerpt":{"rendered":"<p>On June 6, 2024, the German Parliament approved a landmark legislative reform: the Law for the Development of International Criminal Law, which came into force in August of the same year. This measure represents a decisive step forward in strengthening universal jurisdiction in Germany and effectively protecting the rights of victims of international crimes. The&#8230;<\/p>\n","protected":false},"author":1,"featured_media":25205,"comment_status":"closed","ping_status":"closed","sticky":false,"template":"","format":"standard","meta":{"footnotes":""},"categories":[586],"tags":[1098,1082,741],"class_list":["post-25204","post","type-post","status-publish","format-standard","has-post-thumbnail","hentry","category-articles","tag-germany","tag-international-criminal-justice","tag-universal-jurisdiction"],"yoast_head":"<!-- This site is optimized with the Yoast SEO plugin v27.4 - https:\/\/yoast.com\/product\/yoast-seo-wordpress\/ -->\n<title>Germany strengthens its legal framework for universal jurisdiction and consolidates its role as a leader in international criminal justice - FIBGAR<\/title>\n<meta name=\"description\" content=\"On June 6, 2024, the German Parliament approved a landmark legislative reform: the Law for the Development of International Criminal Law, which came into force in August of the same year. This measure represents a decisive step forward in strengthening universal jurisdiction in Germany and effectively protecting the rights of victims of international crimes.The reform modernizes and expands the German legal framework for the prosecution of war crimes, crimes against humanity, and genocide, regardless of where they were committed or the nationality of those responsible. This amendment also fills important legal gaps, especially with regard to sexual and gender-based violence, guaranteeing for the first time the active participation of victims in legal proceedings, as well as their access to free legal assistance and psychosocial support during the trial.Another key aspect of the reform is the improvement of mechanisms for documenting evidence and preserving judicial proceedings, which facilitates access to information for both victims and civil society. These provisions reinforce the transparency and transformative impact of international criminal justice.\" \/>\n<meta name=\"robots\" content=\"index, follow, max-snippet:-1, max-image-preview:large, max-video-preview:-1\" \/>\n<link rel=\"canonical\" href=\"https:\/\/fibgar.es\/en\/germany-strengthens-its-legal-framework-for-universal-jurisdiction-and-consolidates-its-role-as-a-leader-in-international-criminal-justice\/\" \/>\n<meta property=\"og:locale\" content=\"en_US\" \/>\n<meta property=\"og:type\" content=\"article\" \/>\n<meta property=\"og:title\" content=\"Germany strengthens its legal framework for universal jurisdiction and consolidates its role as a leader in international criminal justice - FIBGAR\" \/>\n<meta property=\"og:description\" content=\"On June 6, 2024, the German Parliament approved a landmark legislative reform: the Law for the Development of International Criminal Law, which came into force in August of the same year. This measure represents a decisive step forward in strengthening universal jurisdiction in Germany and effectively protecting the rights of victims of international crimes.The reform modernizes and expands the German legal framework for the prosecution of war crimes, crimes against humanity, and genocide, regardless of where they were committed or the nationality of those responsible. This amendment also fills important legal gaps, especially with regard to sexual and gender-based violence, guaranteeing for the first time the active participation of victims in legal proceedings, as well as their access to free legal assistance and psychosocial support during the trial.Another key aspect of the reform is the improvement of mechanisms for documenting evidence and preserving judicial proceedings, which facilitates access to information for both victims and civil society. These provisions reinforce the transparency and transformative impact of international criminal justice.\" \/>\n<meta property=\"og:url\" content=\"https:\/\/fibgar.es\/en\/germany-strengthens-its-legal-framework-for-universal-jurisdiction-and-consolidates-its-role-as-a-leader-in-international-criminal-justice\/\" \/>\n<meta property=\"og:site_name\" content=\"FIBGAR\" \/>\n<meta property=\"article:publisher\" content=\"https:\/\/www.facebook.com\/Fibgar\" \/>\n<meta property=\"article:published_time\" content=\"2025-08-13T08:00:00+00:00\" \/>\n<meta property=\"og:image\" content=\"https:\/\/fibgar.es\/wp-content\/uploads\/2025\/08\/POST-GENERICO-15.png\" \/>\n\t<meta property=\"og:image:width\" content=\"1600\" \/>\n\t<meta property=\"og:image:height\" content=\"900\" \/>\n\t<meta property=\"og:image:type\" content=\"image\/png\" \/>\n<meta name=\"author\" content=\"Fibgar\" \/>\n<meta name=\"twitter:card\" content=\"summary_large_image\" \/>\n<meta name=\"twitter:creator\" content=\"@fibgar_\" \/>\n<meta name=\"twitter:site\" content=\"@fibgar_\" \/>\n<meta name=\"twitter:label1\" content=\"Written by\" \/>\n\t<meta name=\"twitter:data1\" content=\"Fibgar\" \/>\n\t<meta name=\"twitter:label2\" content=\"Est. reading time\" \/>\n\t<meta name=\"twitter:data2\" content=\"2 minutes\" \/>\n<script type=\"application\/ld+json\" class=\"yoast-schema-graph\">{\"@context\":\"https:\\\/\\\/schema.org\",\"@graph\":[{\"@type\":\"Article\",\"@id\":\"https:\\\/\\\/fibgar.es\\\/en\\\/germany-strengthens-its-legal-framework-for-universal-jurisdiction-and-consolidates-its-role-as-a-leader-in-international-criminal-justice\\\/#article\",\"isPartOf\":{\"@id\":\"https:\\\/\\\/fibgar.es\\\/en\\\/germany-strengthens-its-legal-framework-for-universal-jurisdiction-and-consolidates-its-role-as-a-leader-in-international-criminal-justice\\\/\"},\"author\":{\"name\":\"Fibgar\",\"@id\":\"https:\\\/\\\/fibgar.es\\\/en\\\/#\\\/schema\\\/person\\\/4a7e0cad2b7af0b8051fe6609b753361\"},\"headline\":\"Germany strengthens its legal framework for universal jurisdiction and consolidates its role as a leader in international criminal justice\",\"datePublished\":\"2025-08-13T08:00:00+00:00\",\"mainEntityOfPage\":{\"@id\":\"https:\\\/\\\/fibgar.es\\\/en\\\/germany-strengthens-its-legal-framework-for-universal-jurisdiction-and-consolidates-its-role-as-a-leader-in-international-criminal-justice\\\/\"},\"wordCount\":402,\"publisher\":{\"@id\":\"https:\\\/\\\/fibgar.es\\\/en\\\/#organization\"},\"image\":{\"@id\":\"https:\\\/\\\/fibgar.es\\\/en\\\/germany-strengthens-its-legal-framework-for-universal-jurisdiction-and-consolidates-its-role-as-a-leader-in-international-criminal-justice\\\/#primaryimage\"},\"thumbnailUrl\":\"https:\\\/\\\/fibgar.es\\\/wp-content\\\/uploads\\\/2025\\\/08\\\/POST-GENERICO-15.png\",\"keywords\":[\"Germany\",\"International Criminal Justice\",\"Universal Jurisdiction\"],\"articleSection\":[\"Articles\"],\"inLanguage\":\"en-US\"},{\"@type\":\"WebPage\",\"@id\":\"https:\\\/\\\/fibgar.es\\\/en\\\/germany-strengthens-its-legal-framework-for-universal-jurisdiction-and-consolidates-its-role-as-a-leader-in-international-criminal-justice\\\/\",\"url\":\"https:\\\/\\\/fibgar.es\\\/en\\\/germany-strengthens-its-legal-framework-for-universal-jurisdiction-and-consolidates-its-role-as-a-leader-in-international-criminal-justice\\\/\",\"name\":\"Germany strengthens its legal framework for universal jurisdiction and consolidates its role as a leader in international criminal justice - FIBGAR\",\"isPartOf\":{\"@id\":\"https:\\\/\\\/fibgar.es\\\/en\\\/#website\"},\"primaryImageOfPage\":{\"@id\":\"https:\\\/\\\/fibgar.es\\\/en\\\/germany-strengthens-its-legal-framework-for-universal-jurisdiction-and-consolidates-its-role-as-a-leader-in-international-criminal-justice\\\/#primaryimage\"},\"image\":{\"@id\":\"https:\\\/\\\/fibgar.es\\\/en\\\/germany-strengthens-its-legal-framework-for-universal-jurisdiction-and-consolidates-its-role-as-a-leader-in-international-criminal-justice\\\/#primaryimage\"},\"thumbnailUrl\":\"https:\\\/\\\/fibgar.es\\\/wp-content\\\/uploads\\\/2025\\\/08\\\/POST-GENERICO-15.png\",\"datePublished\":\"2025-08-13T08:00:00+00:00\",\"description\":\"On June 6, 2024, the German Parliament approved a landmark legislative reform: the Law for the Development of International Criminal Law, which came into force in August of the same year. This measure represents a decisive step forward in strengthening universal jurisdiction in Germany and effectively protecting the rights of victims of international crimes.The reform modernizes and expands the German legal framework for the prosecution of war crimes, crimes against humanity, and genocide, regardless of where they were committed or the nationality of those responsible. This amendment also fills important legal gaps, especially with regard to sexual and gender-based violence, guaranteeing for the first time the active participation of victims in legal proceedings, as well as their access to free legal assistance and psychosocial support during the trial.Another key aspect of the reform is the improvement of mechanisms for documenting evidence and preserving judicial proceedings, which facilitates access to information for both victims and civil society. These provisions reinforce the transparency and transformative impact of international criminal justice.\",\"breadcrumb\":{\"@id\":\"https:\\\/\\\/fibgar.es\\\/en\\\/germany-strengthens-its-legal-framework-for-universal-jurisdiction-and-consolidates-its-role-as-a-leader-in-international-criminal-justice\\\/#breadcrumb\"},\"inLanguage\":\"en-US\",\"potentialAction\":[{\"@type\":\"ReadAction\",\"target\":[\"https:\\\/\\\/fibgar.es\\\/en\\\/germany-strengthens-its-legal-framework-for-universal-jurisdiction-and-consolidates-its-role-as-a-leader-in-international-criminal-justice\\\/\"]}]},{\"@type\":\"ImageObject\",\"inLanguage\":\"en-US\",\"@id\":\"https:\\\/\\\/fibgar.es\\\/en\\\/germany-strengthens-its-legal-framework-for-universal-jurisdiction-and-consolidates-its-role-as-a-leader-in-international-criminal-justice\\\/#primaryimage\",\"url\":\"https:\\\/\\\/fibgar.es\\\/wp-content\\\/uploads\\\/2025\\\/08\\\/POST-GENERICO-15.png\",\"contentUrl\":\"https:\\\/\\\/fibgar.es\\\/wp-content\\\/uploads\\\/2025\\\/08\\\/POST-GENERICO-15.png\",\"width\":1600,\"height\":900},{\"@type\":\"BreadcrumbList\",\"@id\":\"https:\\\/\\\/fibgar.es\\\/en\\\/germany-strengthens-its-legal-framework-for-universal-jurisdiction-and-consolidates-its-role-as-a-leader-in-international-criminal-justice\\\/#breadcrumb\",\"itemListElement\":[{\"@type\":\"ListItem\",\"position\":1,\"name\":\"Home\",\"item\":\"https:\\\/\\\/fibgar.es\\\/en\\\/\"},{\"@type\":\"ListItem\",\"position\":2,\"name\":\"Germany strengthens its legal framework for universal jurisdiction and consolidates its role as a leader in international criminal justice\"}]},{\"@type\":\"WebSite\",\"@id\":\"https:\\\/\\\/fibgar.es\\\/en\\\/#website\",\"url\":\"https:\\\/\\\/fibgar.es\\\/en\\\/\",\"name\":\"FIBGAR\",\"description\":\"Fundaci\u00f3n Internacional Baltasar Garz\u00f3n\",\"publisher\":{\"@id\":\"https:\\\/\\\/fibgar.es\\\/en\\\/#organization\"},\"alternateName\":\"FIBGAR\",\"potentialAction\":[{\"@type\":\"SearchAction\",\"target\":{\"@type\":\"EntryPoint\",\"urlTemplate\":\"https:\\\/\\\/fibgar.es\\\/en\\\/?s={search_term_string}\"},\"query-input\":{\"@type\":\"PropertyValueSpecification\",\"valueRequired\":true,\"valueName\":\"search_term_string\"}}],\"inLanguage\":\"en-US\"},{\"@type\":\"Organization\",\"@id\":\"https:\\\/\\\/fibgar.es\\\/en\\\/#organization\",\"name\":\"Fundaci\u00f3n Internacional Baltasar Garz\u00f3n\",\"alternateName\":\"FIBGAR\",\"url\":\"https:\\\/\\\/fibgar.es\\\/en\\\/\",\"logo\":{\"@type\":\"ImageObject\",\"inLanguage\":\"en-US\",\"@id\":\"https:\\\/\\\/fibgar.es\\\/en\\\/#\\\/schema\\\/logo\\\/image\\\/\",\"url\":\"https:\\\/\\\/fibgar.es\\\/wp-content\\\/uploads\\\/2020\\\/04\\\/cropped-fibgar-icono.jpeg\",\"contentUrl\":\"https:\\\/\\\/fibgar.es\\\/wp-content\\\/uploads\\\/2020\\\/04\\\/cropped-fibgar-icono.jpeg\",\"width\":512,\"height\":512,\"caption\":\"Fundaci\u00f3n Internacional Baltasar Garz\u00f3n\"},\"image\":{\"@id\":\"https:\\\/\\\/fibgar.es\\\/en\\\/#\\\/schema\\\/logo\\\/image\\\/\"},\"sameAs\":[\"https:\\\/\\\/www.facebook.com\\\/Fibgar\",\"https:\\\/\\\/x.com\\\/fibgar_\"]},{\"@type\":\"Person\",\"@id\":\"https:\\\/\\\/fibgar.es\\\/en\\\/#\\\/schema\\\/person\\\/4a7e0cad2b7af0b8051fe6609b753361\",\"name\":\"Fibgar\",\"url\":\"https:\\\/\\\/fibgar.es\\\/en\\\/author\\\/fibgaradmin\\\/\"}]}<\/script>\n<!-- \/ Yoast SEO plugin. -->","yoast_head_json":{"title":"Germany strengthens its legal framework for universal jurisdiction and consolidates its role as a leader in international criminal justice - FIBGAR","description":"On June 6, 2024, the German Parliament approved a landmark legislative reform: the Law for the Development of International Criminal Law, which came into force in August of the same year. This measure represents a decisive step forward in strengthening universal jurisdiction in Germany and effectively protecting the rights of victims of international crimes.The reform modernizes and expands the German legal framework for the prosecution of war crimes, crimes against humanity, and genocide, regardless of where they were committed or the nationality of those responsible. This amendment also fills important legal gaps, especially with regard to sexual and gender-based violence, guaranteeing for the first time the active participation of victims in legal proceedings, as well as their access to free legal assistance and psychosocial support during the trial.Another key aspect of the reform is the improvement of mechanisms for documenting evidence and preserving judicial proceedings, which facilitates access to information for both victims and civil society. These provisions reinforce the transparency and transformative impact of international criminal justice.","robots":{"index":"index","follow":"follow","max-snippet":"max-snippet:-1","max-image-preview":"max-image-preview:large","max-video-preview":"max-video-preview:-1"},"canonical":"https:\/\/fibgar.es\/en\/germany-strengthens-its-legal-framework-for-universal-jurisdiction-and-consolidates-its-role-as-a-leader-in-international-criminal-justice\/","og_locale":"en_US","og_type":"article","og_title":"Germany strengthens its legal framework for universal jurisdiction and consolidates its role as a leader in international criminal justice - FIBGAR","og_description":"On June 6, 2024, the German Parliament approved a landmark legislative reform: the Law for the Development of International Criminal Law, which came into force in August of the same year. This measure represents a decisive step forward in strengthening universal jurisdiction in Germany and effectively protecting the rights of victims of international crimes.The reform modernizes and expands the German legal framework for the prosecution of war crimes, crimes against humanity, and genocide, regardless of where they were committed or the nationality of those responsible. This amendment also fills important legal gaps, especially with regard to sexual and gender-based violence, guaranteeing for the first time the active participation of victims in legal proceedings, as well as their access to free legal assistance and psychosocial support during the trial.Another key aspect of the reform is the improvement of mechanisms for documenting evidence and preserving judicial proceedings, which facilitates access to information for both victims and civil society. These provisions reinforce the transparency and transformative impact of international criminal justice.","og_url":"https:\/\/fibgar.es\/en\/germany-strengthens-its-legal-framework-for-universal-jurisdiction-and-consolidates-its-role-as-a-leader-in-international-criminal-justice\/","og_site_name":"FIBGAR","article_publisher":"https:\/\/www.facebook.com\/Fibgar","article_published_time":"2025-08-13T08:00:00+00:00","og_image":[{"width":1600,"height":900,"url":"https:\/\/fibgar.es\/wp-content\/uploads\/2025\/08\/POST-GENERICO-15.png","type":"image\/png"}],"author":"Fibgar","twitter_card":"summary_large_image","twitter_creator":"@fibgar_","twitter_site":"@fibgar_","twitter_misc":{"Written by":"Fibgar","Est. reading time":"2 minutes"},"schema":{"@context":"https:\/\/schema.org","@graph":[{"@type":"Article","@id":"https:\/\/fibgar.es\/en\/germany-strengthens-its-legal-framework-for-universal-jurisdiction-and-consolidates-its-role-as-a-leader-in-international-criminal-justice\/#article","isPartOf":{"@id":"https:\/\/fibgar.es\/en\/germany-strengthens-its-legal-framework-for-universal-jurisdiction-and-consolidates-its-role-as-a-leader-in-international-criminal-justice\/"},"author":{"name":"Fibgar","@id":"https:\/\/fibgar.es\/en\/#\/schema\/person\/4a7e0cad2b7af0b8051fe6609b753361"},"headline":"Germany strengthens its legal framework for universal jurisdiction and consolidates its role as a leader in international criminal justice","datePublished":"2025-08-13T08:00:00+00:00","mainEntityOfPage":{"@id":"https:\/\/fibgar.es\/en\/germany-strengthens-its-legal-framework-for-universal-jurisdiction-and-consolidates-its-role-as-a-leader-in-international-criminal-justice\/"},"wordCount":402,"publisher":{"@id":"https:\/\/fibgar.es\/en\/#organization"},"image":{"@id":"https:\/\/fibgar.es\/en\/germany-strengthens-its-legal-framework-for-universal-jurisdiction-and-consolidates-its-role-as-a-leader-in-international-criminal-justice\/#primaryimage"},"thumbnailUrl":"https:\/\/fibgar.es\/wp-content\/uploads\/2025\/08\/POST-GENERICO-15.png","keywords":["Germany","International Criminal Justice","Universal Jurisdiction"],"articleSection":["Articles"],"inLanguage":"en-US"},{"@type":"WebPage","@id":"https:\/\/fibgar.es\/en\/germany-strengthens-its-legal-framework-for-universal-jurisdiction-and-consolidates-its-role-as-a-leader-in-international-criminal-justice\/","url":"https:\/\/fibgar.es\/en\/germany-strengthens-its-legal-framework-for-universal-jurisdiction-and-consolidates-its-role-as-a-leader-in-international-criminal-justice\/","name":"Germany strengthens its legal framework for universal jurisdiction and consolidates its role as a leader in international criminal justice - FIBGAR","isPartOf":{"@id":"https:\/\/fibgar.es\/en\/#website"},"primaryImageOfPage":{"@id":"https:\/\/fibgar.es\/en\/germany-strengthens-its-legal-framework-for-universal-jurisdiction-and-consolidates-its-role-as-a-leader-in-international-criminal-justice\/#primaryimage"},"image":{"@id":"https:\/\/fibgar.es\/en\/germany-strengthens-its-legal-framework-for-universal-jurisdiction-and-consolidates-its-role-as-a-leader-in-international-criminal-justice\/#primaryimage"},"thumbnailUrl":"https:\/\/fibgar.es\/wp-content\/uploads\/2025\/08\/POST-GENERICO-15.png","datePublished":"2025-08-13T08:00:00+00:00","description":"On June 6, 2024, the German Parliament approved a landmark legislative reform: the Law for the Development of International Criminal Law, which came into force in August of the same year. This measure represents a decisive step forward in strengthening universal jurisdiction in Germany and effectively protecting the rights of victims of international crimes.The reform modernizes and expands the German legal framework for the prosecution of war crimes, crimes against humanity, and genocide, regardless of where they were committed or the nationality of those responsible. This amendment also fills important legal gaps, especially with regard to sexual and gender-based violence, guaranteeing for the first time the active participation of victims in legal proceedings, as well as their access to free legal assistance and psychosocial support during the trial.Another key aspect of the reform is the improvement of mechanisms for documenting evidence and preserving judicial proceedings, which facilitates access to information for both victims and civil society. These provisions reinforce the transparency and transformative impact of international criminal justice.","breadcrumb":{"@id":"https:\/\/fibgar.es\/en\/germany-strengthens-its-legal-framework-for-universal-jurisdiction-and-consolidates-its-role-as-a-leader-in-international-criminal-justice\/#breadcrumb"},"inLanguage":"en-US","potentialAction":[{"@type":"ReadAction","target":["https:\/\/fibgar.es\/en\/germany-strengthens-its-legal-framework-for-universal-jurisdiction-and-consolidates-its-role-as-a-leader-in-international-criminal-justice\/"]}]},{"@type":"ImageObject","inLanguage":"en-US","@id":"https:\/\/fibgar.es\/en\/germany-strengthens-its-legal-framework-for-universal-jurisdiction-and-consolidates-its-role-as-a-leader-in-international-criminal-justice\/#primaryimage","url":"https:\/\/fibgar.es\/wp-content\/uploads\/2025\/08\/POST-GENERICO-15.png","contentUrl":"https:\/\/fibgar.es\/wp-content\/uploads\/2025\/08\/POST-GENERICO-15.png","width":1600,"height":900},{"@type":"BreadcrumbList","@id":"https:\/\/fibgar.es\/en\/germany-strengthens-its-legal-framework-for-universal-jurisdiction-and-consolidates-its-role-as-a-leader-in-international-criminal-justice\/#breadcrumb","itemListElement":[{"@type":"ListItem","position":1,"name":"Home","item":"https:\/\/fibgar.es\/en\/"},{"@type":"ListItem","position":2,"name":"Germany strengthens its legal framework for universal jurisdiction and consolidates its role as a leader in international criminal justice"}]},{"@type":"WebSite","@id":"https:\/\/fibgar.es\/en\/#website","url":"https:\/\/fibgar.es\/en\/","name":"FIBGAR","description":"Fundaci\u00f3n Internacional Baltasar Garz\u00f3n","publisher":{"@id":"https:\/\/fibgar.es\/en\/#organization"},"alternateName":"FIBGAR","potentialAction":[{"@type":"SearchAction","target":{"@type":"EntryPoint","urlTemplate":"https:\/\/fibgar.es\/en\/?s={search_term_string}"},"query-input":{"@type":"PropertyValueSpecification","valueRequired":true,"valueName":"search_term_string"}}],"inLanguage":"en-US"},{"@type":"Organization","@id":"https:\/\/fibgar.es\/en\/#organization","name":"Fundaci\u00f3n Internacional Baltasar Garz\u00f3n","alternateName":"FIBGAR","url":"https:\/\/fibgar.es\/en\/","logo":{"@type":"ImageObject","inLanguage":"en-US","@id":"https:\/\/fibgar.es\/en\/#\/schema\/logo\/image\/","url":"https:\/\/fibgar.es\/wp-content\/uploads\/2020\/04\/cropped-fibgar-icono.jpeg","contentUrl":"https:\/\/fibgar.es\/wp-content\/uploads\/2020\/04\/cropped-fibgar-icono.jpeg","width":512,"height":512,"caption":"Fundaci\u00f3n Internacional Baltasar Garz\u00f3n"},"image":{"@id":"https:\/\/fibgar.es\/en\/#\/schema\/logo\/image\/"},"sameAs":["https:\/\/www.facebook.com\/Fibgar","https:\/\/x.com\/fibgar_"]},{"@type":"Person","@id":"https:\/\/fibgar.es\/en\/#\/schema\/person\/4a7e0cad2b7af0b8051fe6609b753361","name":"Fibgar","url":"https:\/\/fibgar.es\/en\/author\/fibgaradmin\/"}]}},"_links":{"self":[{"href":"https:\/\/fibgar.es\/en\/wp-json\/wp\/v2\/posts\/25204","targetHints":{"allow":["GET"]}}],"collection":[{"href":"https:\/\/fibgar.es\/en\/wp-json\/wp\/v2\/posts"}],"about":[{"href":"https:\/\/fibgar.es\/en\/wp-json\/wp\/v2\/types\/post"}],"author":[{"embeddable":true,"href":"https:\/\/fibgar.es\/en\/wp-json\/wp\/v2\/users\/1"}],"replies":[{"embeddable":true,"href":"https:\/\/fibgar.es\/en\/wp-json\/wp\/v2\/comments?post=25204"}],"version-history":[{"count":1,"href":"https:\/\/fibgar.es\/en\/wp-json\/wp\/v2\/posts\/25204\/revisions"}],"predecessor-version":[{"id":25207,"href":"https:\/\/fibgar.es\/en\/wp-json\/wp\/v2\/posts\/25204\/revisions\/25207"}],"wp:featuredmedia":[{"embeddable":true,"href":"https:\/\/fibgar.es\/en\/wp-json\/wp\/v2\/media\/25205"}],"wp:attachment":[{"href":"https:\/\/fibgar.es\/en\/wp-json\/wp\/v2\/media?parent=25204"}],"wp:term":[{"taxonomy":"category","embeddable":true,"href":"https:\/\/fibgar.es\/en\/wp-json\/wp\/v2\/categories?post=25204"},{"taxonomy":"post_tag","embeddable":true,"href":"https:\/\/fibgar.es\/en\/wp-json\/wp\/v2\/tags?post=25204"}],"curies":[{"name":"wp","href":"https:\/\/api.w.org\/{rel}","templated":true}]}}